{"id":3451,"date":"2023-02-17T05:38:11","date_gmt":"2023-02-17T05:38:11","guid":{"rendered":"https:\/\/sitepersojlc.fr\/?p=3451"},"modified":"2023-03-14T11:38:15","modified_gmt":"2023-03-14T11:38:15","slug":"faire-du-developpement-durable-une-realite-la-declaration-diena","status":"publish","type":"post","link":"https:\/\/sitepersojlc.fr\/?p=3451","title":{"rendered":"Faire Du D\u00e9veloppement Durable une R\u00e9alit\u00e9 : la D\u00e9claration d\u2019I\u00e9na"},"content":{"rendered":"<div class=\"likebtn_container\" style=\"text-align:center;\"><!-- LikeBtn.com BEGIN --><span class=\"likebtn-wrapper\"  data-identifier=\"post_3451\"  data-site_id=\"6663fc396fd08b3d0b514646\"  data-lang=\"fr\"  data-style=\"\"  data-unlike_allowed=\"\"  data-show_copyright=\"\"  data-item_url=\"https:\/\/sitepersojlc.fr\/?p=3451\"  data-item_title=\"Faire Du D\u00e9veloppement Durable une R\u00e9alit\u00e9 : la D\u00e9claration d\u2019I\u00e9na\"  data-item_date=\"2023-02-17T05:38:11+00:00\"  data-engine=\"WordPress\"  data-plugin_v=\"2.6.52\"  data-prx=\"https:\/\/sitepersojlc.fr\/wp-admin\/admin-ajax.php?action=likebtn_prx\"  data-event_handler=\"likebtn_eh\" ><\/span><!-- LikeBtn.com END --><\/div>\n<p><\/p>\n\n\n\n<h5 class=\"has-text-align-center\">Article&nbsp; initialement publi\u00e9 dans \u00ab The Cadmus Journal \u00bb le 29 Novembre, 2021&nbsp;&nbsp;<\/h5>\n\n\n\n<p class=\"has-text-align-center\">Auteur : Thomas Reuter <\/p>\n\n\n\n<div class=\"wp-block-uagb-buttons uagb-buttons__outer-wrap uagb-btn__default-btn uagb-btn-tablet__default-btn uagb-btn-mobile__default-btn uagb-block-e9a5aef9\"><div class=\"uagb-buttons__wrap uagb-buttons-layout-wrap\">\n<div class=\"wp-block-uagb-buttons-child uagb-buttons__outer-wrap uagb-block-2990fbb6 wp-block-button is-style-outline\"><div class=\"uagb-button__wrapper\"><a class=\"uagb-buttons-repeater wp-block-button__link has-text-color\" href=\"#\" onclick=\"return false;\" rel=\"follow noopener\" target=\"_self\"><div class=\"uagb-button__link\">T\u00e9l\u00e9chargement du PDF <\/div><\/a><\/div><\/div>\n<\/div><\/div>\n\n\n\n<p><\/p>\n\n\n\n<h2 class=\"wp-block-heading\" style=\"text-align: center;\"><strong>R\u00e9sum\u00e9<\/strong><\/h2>\n\n\n\n<h3 style=\"text-align: justify;\">La D\u00e9claration d\u2019I\u00e9na, pr\u00e9sent\u00e9e ci-dessous, soutient que les Objectifs de D\u00e9veloppement Durable (ODD) ne peuvent pas \u00eatre atteints simplement en intensifiant l\u2019utilisation des m\u00e9thodes et strat\u00e9gies \u00e9tablies. Pour une transformation globale vers le d\u00e9veloppement durable, un changement fondamental de strat\u00e9gie est n\u00e9cessaire, une approche qui s\u2019appuie sur le pouvoir de millions de citoyens et de communaut\u00e9s locales \u00e0 travers le monde et sur la perspective int\u00e9grative des sciences sociales et des arts.<\/h3>\n<p>&nbsp;<\/p>\n\n\n\n<h2 class=\"wp-block-heading has-text-align-center\"><strong>La D\u00e9claration d\u2019I\u00e9na ( LDI &#8211; The Jena Declaration &#8211; TJD)<\/strong><\/h2>\n\n\n\n<h3 style=\"text-align: justify;\">Nous vivons \u00e0 l\u2019\u00e8re de <em>l\u2019Anthropoc\u00e8ne<\/em>, une \u00e9poque o\u00f9 la myriade d\u2019activit\u00e9s sociales et \u00e9conomiques de pr\u00e8s de 8 milliards de personnes domine et fa\u00e7onne les cycles et les processus de la nature. Nous repoussons les limites de la plan\u00e8te pour soutenir la vie. Le monde est confront\u00e9 \u00e0 une \u00ab omnicrise \u00bb de changement climatique, de perte de la biodiversit\u00e9, de la pand\u00e9mie de la COVID-19, d\u2019instabilit\u00e9 financi\u00e8re et d\u2019in\u00e9galit\u00e9s flagrantes. Ces probl\u00e8mes sont profond\u00e9ment enracin\u00e9s et imbriqu\u00e9s, et appellent des transformations \u00e0 l\u2019\u00e9chelle du syst\u00e8me mondial vers un d\u00e9veloppement durable socio-\u00e9cologique. <a href=\"https:\/\/www.cadmusjournal.org\/article\/volume-4\/issue-5\/jena-declaration#footnote-000\">*<\/a><\/h3>\n<p>&nbsp;<\/p>\n\n\n\n<h3 style=\"text-align: justify;\">Que faudra-t-il pour que le monde tienne compte des terribles avertissements des scientifiques ? Cette question a conduit un groupe d\u2019influenceurs en sciences sociales et humaines \u00e0 appeler \u00e0 une mobilisation populaire mondiale pour atteindre les objectifs de d\u00e9veloppement durable (<a href=\"https:\/\/sdgs.un.org\/goals\">ODD<\/a>) des Nations Unies avant la date cible de 2030. Sous la direction de la Chaire de l\u2019UNESCO sur la Compr\u00e9hension Globale du D\u00e9veloppement Durable de l\u2019Universit\u00e9 Friedrich Schiller d\u2019I\u00e9na, en Allemagne, le groupe a lanc\u00e9 une d\u00e9claration publique le 9 septembre 2021. La \u00ab&nbsp;D\u00e9claration d\u2019I\u00e9na (<a href=\"https:\/\/www.thejenadeclaration.org\/\">TJD)<\/a>&nbsp;\u00bb appelle \u00e0 une nouvelle approche en profondeur. Des recommandations sp\u00e9cifiques pour un changement institutionnel visent \u00e0 permettre aux citoyens ordinaires du monde entier d\u2019apporter des changements fondamentaux dans leur mode de vie afin de construire un avenir meilleur pour notre plan\u00e8te. L\u2019approche respecte les diversit\u00e9s culturelles et r\u00e9gionales.<\/h3>\n<p>&nbsp;<\/p>\n\n\n\n<h3 style=\"text-align: justify;\">Le changement vers un avenir durable et prosp\u00e8re pour la soci\u00e9t\u00e9 exige en fin de compte de profonds changements de comportement de la part des 7,9 milliards d\u2019entre nous, et le temps presse. Bien qu\u2019il soit commode de pr\u00e9senter l\u2019inaction comme une <a href=\"http:\/\/worldacademy.org\/gl-geneva\/\">crise de leadership<\/a>, il est simpliste de s\u2019attendre \u00e0 une action d\u00e9cisive sur un programme politique transformateur sans un large soutien de l\u2019\u00e9lectorat. Ainsi, la question qui est au c\u0153ur de la D\u00e9claration d\u2019I\u00e9na est la suivante : comment une mobilisation publique \u00e0 grande \u00e9chelle peut-elle apporter un changement transformateur \u00e0 l\u2019\u00e9chelle mondiale ?<\/h3>\n<p>&nbsp;<\/p>\n\n\n\n<h3 style=\"text-align: justify;\">Le dilemme de la <a href=\"https:\/\/www.researchgate.net\/publication\/258848976_Anthropological_Theory_and_the_Alleviation_of_Anthropogenic_Climate_Change_Understanding_the_Cultural_Causes_of_Systemic_Change_Resistance\">r\u00e9sistance culturelle au changement <\/a>&nbsp;n\u2019a pas \u00e9chapp\u00e9 \u00e0 l\u2019attention de la communaut\u00e9 scientifique, mais les tentatives organis\u00e9es pour y rem\u00e9dier ont malheureusement fait d\u00e9faut. L\u2019une des raisons en est que les conseils sur les politiques \u00e0 mener concernant le changement climatique et le d\u00e9veloppement durable sont domin\u00e9s par des scientifiques de formation et des technocrates dont l\u2019expertise n\u2019est pas le changement social ou politique. Pour rem\u00e9dier \u00e0 cette lacune, la D\u00e9claration d\u2019I\u00e9na (TJD) vise \u00e0 \u00e9largir les perceptions du dilemme du d\u00e9veloppement durable en travaillant sur trois volets de programme : les arts, l\u2019apprentissage et l\u2019\u00e9ducation dans tous les groupes d\u2019\u00e2ge, et l\u2019engagement communautaire. TJD appelle \u00e0 une transformation soci\u00e9tale vers le d\u00e9veloppement durable gr\u00e2ce \u00e0 des changements syst\u00e9miques holistiques dans les syst\u00e8mes sociaux, culturels et naturels, et \u00e0 des solutions aux probl\u00e8mes du monde r\u00e9el bas\u00e9es sur la co-conception inclusive et la coproduction de connaissances.<\/h3>\n<p>&nbsp;<\/p>\n\n\n\n<h3 style=\"text-align: justify;\"><span style=\"color: #003366;\"><em>\u00ab TJD souligne les changements n\u00e9cessaires dans le comportement humain \u00e0 grande \u00e9chelle et la n\u00e9cessit\u00e9 d\u2019une redistribution du pouvoir afin que l\u2019avenir du monde ne soit pas d\u00e9termin\u00e9 par les entreprises, les gouvernements et les institutions qui privil\u00e9gient leurs propres programmes plut\u00f4t que les besoins d\u2019une vie durable sur terre. \u00bb<\/em><\/span><\/h3>\n<p>&nbsp;<\/p>\n\n\n\n<p><\/p>\n\n\n\n<h3 style=\"text-align: justify;\">TJD soutient que les ODD ne peuvent pas \u00eatre atteints simplement en intensifiant l\u2019utilisation des m\u00e9thodes et strat\u00e9gies \u00e9tablies. Un changement fondamental de strat\u00e9gie est n\u00e9cessaire, une approche qui s\u2019appuie sur le pouvoir de millions de personnes cr\u00e9atives, d\u2019enseignants et d\u2019\u00e9tudiants, et de communaut\u00e9s locales \u00e0 travers le monde. Les participants ont fait valoir que des progr\u00e8s plus rapides et plus solides peuvent et doivent \u00eatre r\u00e9alis\u00e9s en impliquant l\u2019ensemble de la soci\u00e9t\u00e9, et ont conclu que les arts, l\u2019\u00e9ducation et la soci\u00e9t\u00e9 civile doivent \u00eatre mobilis\u00e9s pour engager beaucoup plus de personnes de tous \u00e2ges \u00e0 comprendre les probl\u00e8mes et leur potentiel de pouvoir de transformation.<\/h3>\n<p>&nbsp;<\/p>\n\n\n\n<h3 style=\"text-align: justify;\">TJD souligne les changements n\u00e9cessaires dans le comportement humain \u00e0 grande \u00e9chelle, et la n\u00e9cessit\u00e9 de redistribuer le pouvoir afin que l\u2019avenir du monde ne soit pas d\u00e9termin\u00e9 par les entreprises, les gouvernements et les institutions qui favorisent leurs propres agendas par rapport aux besoins d\u2019une vie durable sur terre<\/h3>\n<p>&nbsp;<\/p>\n\n\n\n<h3 style=\"text-align: justify;\">Cette approche d\u00e9place l\u2019attention des solutions techniques vers l\u2019engagement actif d\u2019un grand nombre de personnes de tous les horizons. Par exemple, le plan budg\u00e9taire de la politique de d\u00e9veloppement durable de l\u2019Union Europ\u00e9enne alloue une \u00e9crasante majorit\u00e9 de ses fonds aux technologies environnementales, et seulement une petite partie \u00e0 toutes les autres approches, telles que l\u2019\u00e9ducation ou l\u2019engagement de la soci\u00e9t\u00e9 civile. \u00c0 l\u2019inverse, TJD appelle toutes les institutions politiques et scientifiques concern\u00e9es et les agences de financement \u00e0 utiliser la D\u00e9cennie d\u2019Action des Nations Unies (2020-2030) comme une occasion de mettre la dimension culturelle au centre des programmes de d\u00e9veloppement durable. Cela impliquerait de :<\/h3>\n<p>&nbsp;<\/p>\n\n\n\n<h3 style=\"text-align: justify;\">1. Travailler au-del\u00e0 des g\u00e9n\u00e9rations et des h\u00e9ritages pour s\u2019assurer que les gens de tous \u00e2ges et de tous horizons sont engag\u00e9s et que leurs pr\u00e9occupations sont entendues d\u00e8s le d\u00e9part ;<\/h3>\n\n\n\n<h3 style=\"text-align: justify;\">2. R\u00e9former la recherche, le financement et l\u2019organisation en mati\u00e8re de d\u00e9veloppement durable afin de refl\u00e9ter ces nouvelles priorit\u00e9s ;<\/h3>\n\n\n\n<h3 style=\"text-align: justify;\">3. Repenser les programmes d\u2019\u00e9tudes et les \u00e9tablissements d\u2019enseignement pour mettre l\u2019accent sur les priorit\u00e9s soci\u00e9tales mondiales et la mani\u00e8re de les aborder ;<\/h3>\n\n\n\n<h3 style=\"text-align: justify;\">4. Compl\u00e9ter les strat\u00e9gies descendantes (top-down) ax\u00e9es sur les solutions par des approches ascendantes (bottom-up) inclusives et diff\u00e9renci\u00e9es sur le plan r\u00e9gional qui traitent de probl\u00e8mes locaux et r\u00e9gionaux sp\u00e9cifiques ;<\/h3>\n\n\n\n<h3 style=\"text-align: justify;\">5. Renforcer la collaboration dans tous les domaines de recherche afin que les connaissances techniques soient profond\u00e9ment int\u00e9gr\u00e9es \u00e0 l\u2019engagement social.<\/h3>\n\n\n\n<h3 style=\"text-align: justify;\">6. Inclure les arts, les sciences humaines et sociales et, en particulier, les intervenants locaux dans la co-cr\u00e9ation de modes de vie durables culturellement et r\u00e9gionalement diversifi\u00e9s.<\/h3>\n\n\n\n<p><\/p>\n\n\n\n<h3 style=\"text-align: justify;\">Bien qu\u2019il y ait d\u00e9j\u00e0 eu de nombreuses initiatives locales, il n\u2019y a jamais eu de tentative s\u00e9rieuse de coordination des actions locales \u00e0 travers le monde. La Chaire de l\u2019UNESCO sur la Compr\u00e9hension Mondiale du D\u00e9veloppement Durable prend ainsi la responsabilit\u00e9 de lancer un mouvement mondial coordonn\u00e9 pour la mise en \u0153uvre de la D\u00e9claration d\u2019I\u00e9na, en coop\u00e9ration avec des partenaires locaux et mondiaux. \u00c0 cette fin, les partenaires demandent le soutien le plus large possible. La d\u00e9claration peut \u00eatre cosign\u00e9e <a href=\"https:\/\/www.thejenadeclaration.org\/co-sign\">ici<\/a>. Le lancement officiel de ce mouvement a eu lieu le 9 septembre 2021 avec une large participation de communaut\u00e9s et d\u2019individus du monde entier.<\/h3>\n<p>&nbsp;<\/p>\n\n\n\n<h3 style=\"text-align: justify;\">La mise en \u0153uvre a maintenant commenc\u00e9 et implique une mise en relation de divers partenaires pour un soutien mutuel et le lancement de projets mod\u00e8les \u00e0 travers les continents. Cela sera guid\u00e9 par trois axes de programme :<\/h3>\n<p>&nbsp;<\/p>\n\n\n\n<h2 class=\"wp-block-heading\"><strong>1. Cr\u00e9ation<\/strong><\/h2>\n\n\n\n<p><\/p>\n\n\n\n<h3 style=\"text-align: justify;\">Les mentalit\u00e9s, les routines quotidiennes et les habitudes d\u00e9pendent beaucoup de leur contexte culturel. La fa\u00e7on dont nous faisons les choses d\u00e9pend de ce qu\u2019elles signifient pour nous, de la fa\u00e7on dont nous voyons le monde et de notre place dans celui-ci. Une grande partie de ce contexte est le r\u00e9sultat de l\u2019exposition aux images, \u00e0 la musique, aux histoires, au journalisme et \u00e0 d\u2019autres types de m\u00e9dias. Les arts sous toutes leurs formes sont cruciaux pour \u00e9largir les mentalit\u00e9s, offrant de nouvelles perspectives esth\u00e9tiques et \u00e9thiques sur ce qui constitue une bonne vie. TJD met ainsi en relation des artistes de diff\u00e9rentes orientations pour le mouvement artistique le plus large possible \u00e0 travers le monde, dans toutes les langues. En reliant les arts \u00e0 la compr\u00e9hension scientifique, nous construisons une nouvelle vision de la transformation et de la vie durable sur terre.<\/h3>\n<p>&nbsp;<\/p>\n\n\n\n<h2><strong>2. Apprentissage<\/strong><\/h2>\n\n\n\n<p><\/p>\n\n\n\n<h3 style=\"text-align: justify;\">Les \u00e9tudiants sont le deuxi\u00e8me pilier d\u2019action. La g\u00e9n\u00e9ration actuelle d\u2019\u00e9tudiants \u2013 qui repr\u00e9sente 1 personne sur 4 sur terre \u2013 est curieuse et de plus en plus pr\u00e9occup\u00e9e par les pratiques mondiales li\u00e9es au d\u00e9veloppement durable, \u00e0 l\u2019environnement, aux structures sociales, \u00e0 l\u2019\u00e9galit\u00e9, \u00e0 l\u2019\u00e9quit\u00e9, aux villes, \u00e0 la sant\u00e9 publique, au changement climatique, etc. Ils en apprennent beaucoup par eux-m\u00eames, par le biais des m\u00e9dias et les uns des autres.<\/h3>\n<p>&nbsp;<\/p>\n\n\n\n<h3 style=\"text-align: justify;\">Prises dans les traditions et la pens\u00e9e du 20e si\u00e8cle, les \u00e9coles sont terriblement en retard. Reconnaissant la popularit\u00e9 croissante de l\u2019apprentissage individuel chez les \u00e9l\u00e8ves, nous pr\u00e9voyons d\u2019atteindre les \u00e9l\u00e8ves par un chemin et les enseignants par un autre, en parall\u00e8le. Mais nos efforts ne peuvent pas s\u2019arr\u00eater aux \u00e9tudiants qui terminent leurs \u00e9tudes secondaires ou leurs \u00e9tudes sup\u00e9rieures. Nous devons penser \u00e0 chaque personne sur terre comme \u00e0 quelqu\u2019un qui apprend. Tout le monde doit en savoir le plus possible sur le d\u00e9veloppement durable. Sinon, ils ne comprendront pas et ils ne s\u2019en soucieront pas. La D\u00e9claration d\u2019I\u00e9na est donc un mouvement mondial encourag\u00e9 par les \u00e9tudiants et les enseignants, aliment\u00e9 par un changement massif de priorit\u00e9 du 20e au 21e si\u00e8cle en pensant aux priorit\u00e9s et aux r\u00e9sultats souhait\u00e9s.<\/h3>\n<p>&nbsp;<\/p>\n\n\n\n<h2><strong>3. Se Connecter <\/strong><\/h2>\n\n\n\n<p><\/p>\n\n\n\n<h3 style=\"text-align: justify;\">Les groupes communautaires, les ONG, les organismes de bienfaisance, les organisations confessionnelles, les organisations de jeunes et de nombreux autres groupes de ce milieu rassemblent les citoyens locaux qui s\u2019engagent pour le bien commun. Une grande partie de ces activit\u00e9s existent d\u2019ores-et-d\u00e9j\u00e0, mais peu d\u2019entre elles sont coordonn\u00e9es \u00e0 l\u2019\u00e9chelle mondiale. Par cons\u00e9quent, la plupart des groupes ne connaissent pas leurs semblables et leurs collaborateurs potentiels. TJD aidera et \u00e9tendra cette solidarit\u00e9 et cet \u00e9change de connaissances avec une plate-forme en ligne qui mettra en relation les acteurs locaux de la soci\u00e9t\u00e9 civile avec le gouvernement local et les entreprises pour un engagement conjoint dans la r\u00e9alisation du d\u00e9veloppement durable mondial. Les projets phares sensibiliseront davantage au r\u00f4le vital de la coop\u00e9ration intersectorielle locale dans la transformation sociale. Une large couverture m\u00e9diatique aidera tout le monde \u00e0 comprendre qu\u2019ils font partie d\u2019un mouvement mondial massif.<\/h3>\n<p>&nbsp;<\/p>\n\n\n\n<h3 style=\"text-align: justify;\">La D\u00e9claration d\u2019I\u00e9na a \u00e9t\u00e9 inspir\u00e9e par une conf\u00e9rence tenue en octobre 2020 dans la ville historique d\u2019I\u00e9na, en Allemagne. I\u00e9na est le berceau de la pens\u00e9e libertaire et du mouvement romantique au d\u00e9but du 19\u00e8me si\u00e8cle, et abrite des penseurs pionniers du d\u00e9veloppement durable (Carl V. Carlowitz) et de l\u2019\u00e9cologie (Ernst Haeckel). Organis\u00e9e par la Chaire de l\u2019UNESCO sur la compr\u00e9hension globale du d\u00e9veloppement durable, le Prof. Benno Werlen, en partenariat avec le Conseil International de la Philosophie et des Sciences Humaines (CIPSH) ; l\u2019Acad\u00e9mie Mondiale des Arts et des Sciences (AMAS), le Club de Rome; Academia Europaea, le Conseil de Recherches en Sciences Humaines du Canada; l\u2019Union G\u00e9ographique Internationale et d\u2019autres partenaires, la conf\u00e9rence a pos\u00e9 ces questions urgentes : Pourquoi les 17 ODD de l\u2019ONU ont-ils <a href=\"https:\/\/sdg.iisd.org\/commentary\/guest-articles\/are-we-serious-about-achieving-the-sdgs-a-statisticians-perspective\/\">peu de chances d\u2019\u00eatre atteints<\/a> d\u2019ici 2030, voire jamais ? Et que pouvons-nous, en tant qu\u2019\u00e9ducateurs, influenceurs, activistes, artistes et \u00e9tudiants, faire pour renverser la situation et revendiquer le succ\u00e8s ?<\/h3>\n<p>&nbsp;<\/p>\n\n\n\n<h2 style=\"text-align: center;\">Nous avons commenc\u00e9. Nous esp\u00e9rons que vous vous joindrez \u00e0 nous.<\/h2>\n\n\n\n<p><\/p>\n\n\n\n<h3 style=\"text-align: justify;\"><a href=\"https:\/\/www.cadmusjournal.org\/article\/volume-4\/issue-5\/jena-declaration#footnote-000-backlink\">*<\/a> Je tiens \u00e0 remercier les autres signataires fondateurs de la D\u00e9claration d\u2019I\u00e9na, Howard Blumenthal, Joanne Kauffman et Benno Werlen, pour leurs commentaires et suggestions d\u00e9taill\u00e9s sur les versions ant\u00e9rieures de ce document.<\/h3>\n\n\n\n<p><\/p>\n\n\n\n<p><\/p>\n\n\n\n<p><\/p>\n\n\n\n<p><\/p>\n\n\n\n<p><\/p>\n\n\n\n<p><\/p>\n<div class=\"likebtn_container\" style=\"text-align:center;\"><!-- LikeBtn.com BEGIN --><span class=\"likebtn-wrapper\"  data-identifier=\"post_3451\"  data-site_id=\"6663fc396fd08b3d0b514646\"  data-lang=\"fr\"  data-style=\"\"  data-unlike_allowed=\"\"  data-show_copyright=\"\"  data-item_url=\"https:\/\/sitepersojlc.fr\/?p=3451\"  data-item_title=\"Faire Du D\u00e9veloppement Durable une R\u00e9alit\u00e9 : la D\u00e9claration d\u2019I\u00e9na\"  data-item_date=\"2023-02-17T05:38:11+00:00\"  data-engine=\"WordPress\"  data-plugin_v=\"2.6.52\"  data-prx=\"https:\/\/sitepersojlc.fr\/wp-admin\/admin-ajax.php?action=likebtn_prx\"  data-event_handler=\"likebtn_eh\" ><\/span><!-- LikeBtn.com END --><\/div>","protected":false},"excerpt":{"rendered":"<div class=\"likebtn_container\" style=\"text-align:center;\"><!-- LikeBtn.com BEGIN --><span class=\"likebtn-wrapper\"  data-identifier=\"post_3451\"  data-site_id=\"6663fc396fd08b3d0b514646\"  data-lang=\"fr\"  data-style=\"\"  data-unlike_allowed=\"\"  data-show_copyright=\"\"  data-item_url=\"https:\/\/sitepersojlc.fr\/?p=3451\"  data-item_title=\"Faire Du D\u00e9veloppement Durable une R\u00e9alit\u00e9 : la D\u00e9claration d\u2019I\u00e9na\"  data-item_date=\"2023-02-17T05:38:11+00:00\"  data-engine=\"WordPress\"  data-plugin_v=\"2.6.52\"  data-prx=\"https:\/\/sitepersojlc.fr\/wp-admin\/admin-ajax.php?action=likebtn_prx\"  data-event_handler=\"likebtn_eh\" ><\/span><!-- LikeBtn.com END --><\/div><p>Article&nbsp; initialement publi\u00e9 dans \u00ab The Cadmus Journal \u00bb le 29 Novembre, 2021&nbsp;&nbsp; Auteur : Thomas Reuter R\u00e9sum\u00e9 La D\u00e9claration d\u2019I\u00e9na, pr\u00e9sent\u00e9e ci-dessous, soutient que les Objectifs de D\u00e9veloppement Durable (ODD) ne peuvent pas \u00eatre atteints simplement en intensifiant l\u2019utilisation des m\u00e9thodes et strat\u00e9gies \u00e9tablies. Pour une transformation globale vers le d\u00e9veloppement durable, un changement [&hellip;]<\/p>\n<div class=\"likebtn_container\" style=\"text-align:center;\"><!-- LikeBtn.com BEGIN --><span class=\"likebtn-wrapper\"  data-identifier=\"post_3451\"  data-site_id=\"6663fc396fd08b3d0b514646\"  data-lang=\"fr\"  data-style=\"\"  data-unlike_allowed=\"\"  data-show_copyright=\"\"  data-item_url=\"https:\/\/sitepersojlc.fr\/?p=3451\"  data-item_title=\"Faire Du D\u00e9veloppement Durable une R\u00e9alit\u00e9 : la D\u00e9claration d\u2019I\u00e9na\"  data-item_date=\"2023-02-17T05:38:11+00:00\"  data-engine=\"WordPress\"  data-plugin_v=\"2.6.52\"  data-prx=\"https:\/\/sitepersojlc.fr\/wp-admin\/admin-ajax.php?action=likebtn_prx\"  data-event_handler=\"likebtn_eh\" ><\/span><!-- LikeBtn.com END --><\/div>","protected":false},"author":1,"featured_media":0,"comment_status":"open","ping_status":"open","sticky":false,"template":"","format":"standard","meta":{"om_disable_all_campaigns":false,"_uag_custom_page_level_css":"","_monsterinsights_skip_tracking":false,"_monsterinsights_sitenote_active":false,"_monsterinsights_sitenote_note":"","_monsterinsights_sitenote_category":0,"_uf_show_specific_survey":0,"_uf_disable_surveys":false,"footnotes":""},"categories":[20,19,22],"tags":[],"aioseo_notices":[],"uagb_featured_image_src":{"full":false,"thumbnail":false,"medium":false,"medium_large":false,"large":false,"1536x1536":false,"2048x2048":false},"uagb_author_info":{"display_name":"lechev.1910@gmail.com","author_link":"https:\/\/sitepersojlc.fr\/?author=1"},"uagb_comment_info":0,"uagb_excerpt":"Article&nbsp; initialement publi\u00e9 dans \u00ab The Cadmus Journal \u00bb le 29 Novembre, 2021&nbsp;&nbsp; Auteur : Thomas Reuter R\u00e9sum\u00e9 La D\u00e9claration d\u2019I\u00e9na, pr\u00e9sent\u00e9e ci-dessous, soutient que les Objectifs de D\u00e9veloppement Durable (ODD) ne peuvent pas \u00eatre atteints simplement en intensifiant l\u2019utilisation des m\u00e9thodes et strat\u00e9gies \u00e9tablies. Pour une transformation globale vers le d\u00e9veloppement durable, un changement\u2026","_links":{"self":[{"href":"https:\/\/sitepersojlc.fr\/index.php?rest_route=\/wp\/v2\/posts\/3451"}],"collection":[{"href":"https:\/\/sitepersojlc.fr\/index.php?rest_route=\/wp\/v2\/posts"}],"about":[{"href":"https:\/\/sitepersojlc.fr\/index.php?rest_route=\/wp\/v2\/types\/post"}],"author":[{"embeddable":true,"href":"https:\/\/sitepersojlc.fr\/index.php?rest_route=\/wp\/v2\/users\/1"}],"replies":[{"embeddable":true,"href":"https:\/\/sitepersojlc.fr\/index.php?rest_route=%2Fwp%2Fv2%2Fcomments&post=3451"}],"version-history":[{"count":10,"href":"https:\/\/sitepersojlc.fr\/index.php?rest_route=\/wp\/v2\/posts\/3451\/revisions"}],"predecessor-version":[{"id":3514,"href":"https:\/\/sitepersojlc.fr\/index.php?rest_route=\/wp\/v2\/posts\/3451\/revisions\/3514"}],"wp:attachment":[{"href":"https:\/\/sitepersojlc.fr\/index.php?rest_route=%2Fwp%2Fv2%2Fmedia&parent=3451"}],"wp:term":[{"taxonomy":"category","embeddable":true,"href":"https:\/\/sitepersojlc.fr\/index.php?rest_route=%2Fwp%2Fv2%2Fcategories&post=3451"},{"taxonomy":"post_tag","embeddable":true,"href":"https:\/\/sitepersojlc.fr\/index.php?rest_route=%2Fwp%2Fv2%2Ftags&post=3451"}],"curies":[{"name":"wp","href":"https:\/\/api.w.org\/{rel}","templated":true}]}}