{"id":2681,"date":"2023-01-23T08:02:30","date_gmt":"2023-01-23T08:02:30","guid":{"rendered":"https:\/\/sitepersojlc.fr\/?p=2681"},"modified":"2023-02-24T08:23:04","modified_gmt":"2023-02-24T08:23:04","slug":"2681-2","status":"publish","type":"post","link":"https:\/\/sitepersojlc.fr\/?p=2681","title":{"rendered":"R\u00e9trospective et R\u00e9flexions sur WAAS@60"},"content":{"rendered":"<div class=\"likebtn_container\" style=\"text-align:center;\"><!-- LikeBtn.com BEGIN --><span class=\"likebtn-wrapper\"  data-identifier=\"post_2681\"  data-site_id=\"6663fc396fd08b3d0b514646\"  data-lang=\"fr\"  data-style=\"\"  data-unlike_allowed=\"\"  data-show_copyright=\"\"  data-item_url=\"https:\/\/sitepersojlc.fr\/?p=2681\"  data-item_title=\"R\u00e9trospective et R\u00e9flexions sur WAAS@60\"  data-item_date=\"2023-01-23T08:02:30+00:00\"  data-engine=\"WordPress\"  data-plugin_v=\"2.6.52\"  data-prx=\"https:\/\/sitepersojlc.fr\/wp-admin\/admin-ajax.php?action=likebtn_prx\"  data-event_handler=\"likebtn_eh\" ><\/span><!-- LikeBtn.com END --><\/div>\n<p class=\"has-text-align-center has-text-color\" style=\"color:#df2222;font-size:28px\"><\/p>\n\n\n\n<p><\/p>\n\n\n\n<p><\/p>\n\n\n\n<p><\/p>\n\n\n\n<p><\/p>\n\n\n\n<h1 style=\"text-align: center;\"><strong>R\u00e9sum\u00e9<\/strong><\/h1> <h3 style=\"text-align: justify;\">La solution au r\u00e9seau complexe de probl\u00e8mes auxquels l\u2019humanit\u00e9 est confront\u00e9e d\u00e9passe les capacit\u00e9s de tout individu ou petit groupe d\u2019individus ou d\u2019organisations. Mais elle ne r\u00e9side pas au-del\u00e0 de la capacit\u00e9 de l\u2019aspiration collective, de l\u2019intelligence et de la d\u00e9termination de l\u2019humanit\u00e9.<\/h3> <h3 style=\"text-align: justify;\">Le monde a besoin d\u2019un leadership ambitieux qui transcende la partisanerie et les limites des perspectives politiques, \u00e9conomiques et culturelles int\u00e9ress\u00e9es. Il a besoin de personnes et d\u2019organisations engag\u00e9es \u00e0 penser au nom de toute l\u2019humanit\u00e9, et pas seulement \u00e0 elles-m\u00eames. Il a besoin d\u2019un leadership qui rassemble les gens plut\u00f4t que de nous diviser en factions comp\u00e9titives et en camps bellig\u00e9rants. Il a besoin d\u2019une pens\u00e9e transdisciplinaire qui transcende toutes les fronti\u00e8res, \u00e0 la recherche de v\u00e9rit\u00e9s compl\u00e9mentaires qui se compl\u00e8tent plut\u00f4t que de se faire concurrence et de se nier les unes les autres. Il a besoin d\u2019une \u00e9ducation qui anime et inspire, \u00e9veille la cr\u00e9ativit\u00e9 et favorise une v\u00e9ritable individualit\u00e9, plut\u00f4t que l\u2019\u00e9go\u00efsme.<\/h3> <h3 style=\"text-align: justify;\">Nous avons besoin d\u2019une individualit\u00e9 qui s\u2019identifie au bien-\u00eatre commun de tous et qui travaille pour lui. L\u2019Acad\u00e9mie Mondiale des Arts et des Sciences est un r\u00e9seau d\u2019individus engag\u00e9s du monde entier travaillant avec d\u2019autres individus, organisations et r\u00e9seaux partageant les m\u00eames id\u00e9es en tant que volets d\u2019un r\u00e9seau universel de r\u00e9seaux ayant le pouvoir collectif de d\u00e9clencher un mouvement mondial d\u2019\u00e9volution sociale consciente.<\/h3> <h3 style=\"text-align: center;\"><strong>1. Leadership de la Pens\u00e9e<\/strong><\/h3> <h3 style=\"text-align: justify;\">Soixante-douze ans apr\u00e8s que la premi\u00e8re bombe atomique ait \u00e9t\u00e9 largu\u00e9e sur Hiroshima, le Trait\u00e9 des Nations Unies sur l\u2019Interdiction des Armes Nucl\u00e9aires (United Nations Treaty on the Prohibition of Nuclear Weapons TNUIAN\/UNTPNW) est officiellement entr\u00e9 en vigueur le 22 janvier 2021 apr\u00e8s que le Honduras soit devenu le 50e pays \u00e0 ratifier le trait\u00e9 de 2017. Trois jours plus tard, le monde comm\u00e9morait le 75e anniversaire de la premi\u00e8re r\u00e9solution de l\u2019ONU, adopt\u00e9e par consensus le 24 janvier 1946, \u00e9tablissant l\u2019objectif de l\u2019ONU d\u2019\u00e9liminer les armes nucl\u00e9aires et autres armes de destruction massive.<\/h3> <h3 style=\"text-align: justify;\">Ces deux \u00e9v\u00e9nements symbolisent les actes d\u2019un grand nombre de personnes et d\u2019organisations au cours des huit derni\u00e8res d\u00e9cennies. Ils ont une histoire \u00e0 raconter qui est directement li\u00e9e au pass\u00e9, au pr\u00e9sent et \u00e0 l\u2019avenir de l\u2019Acad\u00e9mie Mondiale des Arts et des Sciences et \u00e0 l\u2019humanit\u00e9 dans son ensemble.<\/h3> <h3 style=\"text-align: justify;\">Les origines des deux \u00e9v\u00e9nements remontent \u00e0 la lettre \u00e9crite par Albert Einstein au pr\u00e9sident am\u00e9ricain Franklin D. Roosevelt le 2 ao\u00fbt 1939, qui a conduit \u00e0 la cr\u00e9ation du projet Manhattan sous la direction de Robert Oppenheimer, au bombardement atomique du Japon les 6 et 9 ao\u00fbt 1945, d\u00e9but de la guerre froide,\u00a0 la division de l\u2019Europe en blocs militaires rivaux, l\u2019invention de la bombe H en 1952 et le d\u00e9but de la course aux armements nucl\u00e9aires, qui a finalement conduit \u00e0 la production de plus de 125 000 armes nucl\u00e9aires.<\/h3> <h3 style=\"text-align: justify;\">Cette histoire inclut les dangers imminents de la crise des missiles de Cuba en octobre 1962, lorsque le Secr\u00e9taire d\u2019\u00c9tat Adjoint Am\u00e9ricain et plus tard pr\u00e9sident de l\u2019AMAS, Harlan Cleveland, a transmis des messages entre Dean Rusk au Conseil de s\u00e9curit\u00e9 de l\u2019ONU et John F. Kennedy \u00e0 la Maison Blanche pour tenter d\u2019\u00e9viter une guerre nucl\u00e9aire et les efforts ult\u00e9rieurs de Cleveland, en tant qu\u2019ambassadeur am\u00e9ricain de l\u2019OTAN, pour convaincre les pays membres de l\u2019OTAN qu\u2019une guerre nucl\u00e9aire \u00e9tait impossible \u00e0 gagner.<\/h3> <h3 style=\"text-align: justify;\">Ces \u00e9v\u00e9nements ext\u00e9rieurs importants marquent, mais cachent aussi une autre histoire d\u2019une importance \u00e9gale ou sup\u00e9rieure qui s\u2019est produite dans l\u2019esprit et le c\u0153ur des \u00eatres humains au cours des 75 ann\u00e9es \u00e9coul\u00e9es depuis notre entr\u00e9e dans l\u2019\u00e8re nucl\u00e9aire. Ils sont marqu\u00e9s par la publication du Manifeste Russell-Einstein en 1955 mettant en garde contre les dangers catastrophiques d\u2019une guerre nucl\u00e9aire avec des d\u00e9clarations d\u00e9chirantes : \u00ab <em>Renoncez \u00e0 la guerre ou p\u00e9rissez ! La paix mondiale ou la mort<\/em> ! \u00bb, et \u00ab <em>Nous faisons appel en tant qu\u2019\u00eatres humains aux \u00eatres humains : Souvenez-vous de votre humanit\u00e9 et oubliez le reste.<\/em> \u00ab\u00a0<a href=\"https:\/\/cadmusjournal.org\/article\/volume-4\/issue-4\/retrospective-and-reflections-waas60#_idTextAnchor001\"><sup>1<\/sup><\/a><\/h3> <h3 style=\"text-align: justify;\">Le Manifeste a \u00e9t\u00e9 suivi d\u2019une conf\u00e9rence internationale en 1956 sur la Science et le Bien-\u00eatre Humain \u00e0 Washington DC en 1956, la premi\u00e8re des conf\u00e9rences Pugwash en 1957 et la cr\u00e9ation de l\u2019Acad\u00e9mie Mondiale des Arts et des Sciences en 1960, avec Oppenheimer et quatre des onze signataires du Manifeste &#8211; Einstein, Russell, Joseph Rotblat,\u00a0 Hermann Muller, l\u2019un de ses fondateurs. Muller est devenu le premier vice-pr\u00e9sident de l\u2019Acad\u00e9mie.<\/h3> <h3 style=\"text-align: justify;\">Cette deuxi\u00e8me s\u00e9rie d\u2019\u00e9v\u00e9nements dans la conscience d\u2019innombrables \u00eatres humains a \u00e9galement eu des cons\u00e9quences capitales. Elle a conduit au premier Trait\u00e9 d\u2019Interdiction Limit\u00e9e des Essais Nucl\u00e9aires en 1963, au Trait\u00e9 de Non-prolif\u00e9ration Nucl\u00e9aire en 1968, au Trait\u00e9 de Limitation des Armes Strat\u00e9giques en 1972, \u00e0 l\u2019Avis Consultatif de la Cour Internationale de Justice en 1996, \u00e0 la signature du d\u00e9cret en 2017 et \u00e0 la d\u00e9cision de la Russie et des \u00c9tats-Unis de prolonger le nouveau trait\u00e9 sur la r\u00e9duction des armes strat\u00e9giques fin janvier 2021.<\/h3> <h3 style=\"text-align: justify;\">Elle est marqu\u00e9e par la mont\u00e9e progressive du mouvement de non-prolif\u00e9ration nucl\u00e9aire aliment\u00e9 par les efforts incessants de milliers de personnes et d\u2019ONG d\u00e9vou\u00e9es au cours du dernier demi-si\u00e8cle, comme en t\u00e9moigne l\u2019attribution du prix Nobel de la paix au membre de l\u2019AMAS Linus Pauling (1962), aux Conf\u00e9rences Internationales des M\u00e9decins pour la Pr\u00e9vention de la Guerre Nucl\u00e9aire (IPPNW-1985), Rotblat et Pugwash (1995),\u00a0 AIEA (2005) et la Campagne Internationale pour l\u2019Abolition des Armes Nucl\u00e9aires (CIAAN-2017) pour leurs efforts incessants pour interdire la bombe.<\/h3> <h3 style=\"text-align: justify;\">L\u2019AMAS \u00e9tait une enfant de ces \u00e9v\u00e9nements \u2013 initi\u00e9s par plusieurs de ses fondateurs \u2013 et s\u2019effor\u00e7ait toujours de maintenir vivante la flamme de son inspiration. Le pr\u00e9sident de la l\u2019AMAS, Harlan Cleveland, a repris les fils pr\u00e9c\u00e9dents de ce travail avec un livre intitul\u00e9 \u00ab <em>Naissance d\u2019un Nouveau Monde : un Moment Ouvert pour le Leadership International \u00bb (Birth of a New World: Open Moment for International Leadership<\/em> ) et la publication \u00ab\u00a0 <em>Des Opportunit\u00e9s Hors du Commun : un Programme pour la Paix et le D\u00e9veloppement Equitable \u00bb ( \u00ab Uncommon Opportunities: An Agenda for Peace and Equitable Development \u00bb)<\/em> par la Commission Internationale pour la Paix et l\u2019Alimentation (CIPA) \u00e0 l\u2019Assembl\u00e9e g\u00e9n\u00e9rale de l\u2019AMAS (Minneapolis 1994), et de nouveau avec la CIPA \u00e0 Delhi (2004). \u00a0<a href=\"https:\/\/cadmusjournal.org\/article\/volume-4\/issue-4\/retrospective-and-reflections-waas60#_idTextAnchor003\"><sup>deux<\/sup><\/a><\/h3> <h3 style=\"text-align: justify;\">Lors de l\u2019AG de l\u2019AMAS \u00e0 Zagreb (2005) un atelier de l\u2019OTAN sur le terrorisme a \u00e9t\u00e9 inscrit \u00e0 l\u2019ordre du jour. L\u2019AMAS a collabor\u00e9 avec l\u2019Institut Mondial de la S\u00e9curit\u00e9 (Global Security Institute) sur trois \u00e9v\u00e9nements en 2006-07 et \u00e0 travers plusieurs \u00e9v\u00e9nements de l\u2019Initiative des Puissances Moyennes, et a apport\u00e9 une subvention importante pour une initiative impliquant les pr\u00e9sidents Mikha\u00efl Gorbatchev et Jimmy Carter. Jasjit Singh, membre de la l\u2019AMAS, a organis\u00e9 une conf\u00e9rence internationale officielle du gouvernement indien sur l\u2019abolition des armes nucl\u00e9aires avec des allocutions du premier ministre et d\u2019autres hauts fonctionnaires (Delhi, 2008). <a href=\"https:\/\/cadmusjournal.org\/article\/volume-4\/issue-4\/retrospective-and-reflections-waas60#_idTextAnchor005\"><sup>3<\/sup><\/a> L\u2019AMAS s\u2019est associ\u00e9e au \u00ab R\u00e9seau Europ\u00e9en de Leadership \u00bb (The European Leadership Network) pour une conf\u00e9rence sur les menaces nucl\u00e9aires et pour une r\u00e9union des ambassadeurs de l\u2019OTAN en Croatie (2012).<\/h3> <h3 style=\"text-align: justify;\">Plusieurs articles fondateurs ont \u00e9t\u00e9 \u00e9crits sur l\u2019ill\u00e9galit\u00e9 des armes nucl\u00e9aires dans Cadmus. <sup>4,5<\/sup> Et bien au-del\u00e0 de la port\u00e9e directe de l\u2019Acad\u00e9mie, les boursiers de l\u2019AMAS \u00e0 la t\u00eate d\u2019autres organisations, notamment les Parlementaires pour la non-prolif\u00e9ration et le d\u00e9sarmement nucl\u00e9aires, la Fondation pour la Paix \u00e0 l\u2019Ere Nucl\u00e9aire (Nuclear Age Peace Foundation) et de nombreux membres \u00e9minents de Pugwash, ont tous jou\u00e9 un r\u00f4le tr\u00e8s visible et important dans la promotion des progr\u00e8s vers l\u2019abolition nucl\u00e9aire au cours des derni\u00e8res d\u00e9cennies.<\/h3> <h3 style=\"text-align: justify;\">Cette chronologie porte en elle un message imp\u00e9ratif \u00e0 percevoir plut\u00f4t qu\u2019\u00e0 expliquer. Son essence est le pouvoir irr\u00e9sistible et in\u00e9vitable de l\u2019aspiration humaine persistante et des valeurs \u00e0 accomplir dans le pass\u00e9, le pr\u00e9sent et l\u2019avenir en gestation. Les innombrables personnes et organisations qui ont contribu\u00e9 \u00e0 l\u2019\u00e9volution de la soci\u00e9t\u00e9 mondiale depuis les deux guerres mondiales, la guerre froide et la course aux armements nucl\u00e9aires jusqu\u2019\u00e0 l\u2019UNTPNW illustrent la devise de l\u2019Acad\u00e9mie \u00ab Un leadership de pens\u00e9e qui m\u00e8ne \u00e0 l\u2019action \u00bb.<\/h3> <h3 style=\"text-align: justify;\">Si l\u2019homme veut prendre en main l\u2019\u00e9volution future du corps, de l\u2019esprit et de la civilisation, il est imp\u00e9ratif de trouver des moyens plus efficaces d\u2019int\u00e9grer ce qu\u2019il sait \u00e0 ce qu\u2019il fait. \u00ab\u00a0<a href=\"https:\/\/cadmusjournal.org\/article\/volume-4\/issue-4\/retrospective-and-reflections-waas60#_idTextAnchor011\"><sup>6<\/sup><\/a><\/h3>\n\n\n\n<p><\/p>\n\n\n\n<p><\/p>\n\n\n\n<p><\/p>\n\n\n\n<h2 class=\"wp-block-heading has-text-align-center\"><strong>2. L&rsquo;Ep\u00e9e \u00e0 Double Tranchant<\/strong><\/h2>\n\n\n\n<p><\/p>\n\n\n\n<p><\/p>\n\n\n\n<h3 style=\"text-align: justify;\">Pour l\u2019AMAS, la course aux armements nucl\u00e9aires \u00e9tait une question d\u2019une immense importance, mais ce <em>n\u2019\u00e9tait pas sa raison d\u2019\u00eatre<\/em>. Les Conf\u00e9rences de Pugwash ont \u00e9t\u00e9 cr\u00e9\u00e9es par certaines des m\u00eames personnes et d\u2019innombrables autres organisations ont \u00e9t\u00e9 fond\u00e9es par la suite avec la mission explicite de s\u2019attaquer \u00e0 la menace des armes de destruction massive. L\u2019AMAS ne l\u2019\u00e9tait pas. Les fondateurs de l\u2019Acad\u00e9mie avaient une mission plus large en vue, dont leur travail sur l\u2019abolition nucl\u00e9aire \u00e9tait une partie tr\u00e8s importante, mais pas son objectif d\u00e9terminant.<\/h3>\n<p>&nbsp;<\/p>\n\n\n\n<h3 style=\"text-align: justify;\">Car ils percevaient que les armes nucl\u00e9aires n\u2019\u00e9taient qu\u2019une expression d\u2019une question beaucoup plus vaste d\u2019une immense pertinence et importance pour tous les aspects de l\u2019existence humaine \u2013 le r\u00f4le de la connaissance dans l\u2019\u00e9volution de la soci\u00e9t\u00e9 mondiale<\/h3>\n<p>&nbsp;<\/p>\n\n\n\n<h3 style=\"text-align: justify;\">L\u2019id\u00e9e de fonder une association internationale pour explorer les principaux d\u00e9fis auxquels l\u2019humanit\u00e9 est confront\u00e9e dans un contexte non gouvernemental est n\u00e9e des nombreuses interactions qui ont eu lieu entre des scientifiques et des intellectuels de premier plan dans les ann\u00e9es qui ont suivi la Seconde Guerre mondiale. Elle a pris une forme concr\u00e8te lors de la premi\u00e8re Conf\u00e9rence Internationale sur la Science et le Bien-\u00eatre Humain \u00e0 Washington, D. C. en 1956. Le th\u00e8me principal de la conf\u00e9rence \u00e9tait l\u2019avenir de l\u2019humanit\u00e9. Son objectif premier et principal \u00e9tait de tracer une voie pacifique pour le progr\u00e8s social mondial, vers un \u00ab avenir dans lequel toute l\u2019humanit\u00e9 pourra jouir des immenses r\u00e9alisations du cerveau humain \u00bb. Sa strat\u00e9gie \u00e9tait de cr\u00e9er un forum transnational permanent dans lequel cet objectif pourrait \u00eatre poursuivi sur une base apolitique, impartiale, scientifique et hautement \u00e9thique. <a href=\"https:\/\/cadmusjournal.org\/article\/volume-4\/issue-4\/retrospective-and-reflections-waas60#_idTextAnchor013\"><sup>7&nbsp;&nbsp;<\/sup><\/a><\/h3>\n<p>&nbsp;<\/p>\n\n\n\n<h3 style=\"text-align: justify;\">Alors que la port\u00e9e mondiale couverte par la mission de l\u2019Acad\u00e9mie Mondiale est aujourd\u2019hui partag\u00e9e par de nombreuses organisations, au moment de sa fondation, elle a marqu\u00e9 un moment o\u00f9 l\u2019histoire a cess\u00e9 d\u2019\u00eatre l\u2019histoire d\u2019un seul peuple, d\u2019\u00c9tats ou de groupes et o\u00f9 l\u2019humanit\u00e9 est devenue un tout indivisible. <a href=\"https:\/\/cadmusjournal.org\/article\/volume-4\/issue-4\/retrospective-and-reflections-waas60#_idTextAnchor018\"><sup>10<\/sup><\/a> Les divisions provoqu\u00e9es par les fronti\u00e8res politiques disparaissaient rapidement, alors m\u00eame que le nombre d\u2019\u00c9tats-nations \u00e9tait presque multipli\u00e9 par trois en quelques d\u00e9cennies. Le syst\u00e8me des Nations Unies avait d\u00e9j\u00e0 15 ans \u00e0 l\u2019\u00e9poque, mais il est rest\u00e9 tel qu\u2019il est encore aujourd\u2019hui, une organisation dirig\u00e9e par la volont\u00e9 d\u2019\u00c9tats-nations ind\u00e9pendants, plus que par les aspirations de l\u2019humanit\u00e9 dans son ensemble.<\/h3>\n<p>&nbsp;<\/p>\n\n\n\n<h3 style=\"text-align: justify;\">La d\u00e9cision qu\u2019ils ont prise a \u00e9t\u00e9 de cr\u00e9er une Acad\u00e9mie Mondiale des Arts et des Sciences, \u00ab une institution de la plus haute autorit\u00e9 scientifique tenue en haute estime par tous les peuples en tant qu\u2019organe consultatif strictement objectif pour les pays et les peuples, et devenant progressivement une position influente dans toutes les questions d\u00e9cisives pour l\u2019avenir de l\u2019humanit\u00e9 \u00bb. <a href=\"https:\/\/cadmusjournal.org\/article\/volume-4\/issue-4\/retrospective-and-reflections-waas60#_idTextAnchor015\"><sup>8<\/sup><\/a> La conf\u00e9rence a conduit directement \u00e0 la cr\u00e9ation officielle de l\u2019AMAS le 24 d\u00e9cembre 1960 avec l\u2019appel \u00ab Non-scientifiques et scientifiques Unis ! Contribuons tous \u00e0 faire de ce forum une v\u00e9ritable agence pour le bien-\u00eatre humain. \u00bb <a href=\"https:\/\/cadmusjournal.org\/article\/volume-4\/issue-4\/retrospective-and-reflections-waas60#_idTextAnchor017\"><sup>9&nbsp;&nbsp;<\/sup><\/a><\/h3>\n<p>&nbsp;<\/p>\n\n\n\n<h3 style=\"text-align: justify;\">C\u2019\u00e9tait une \u00e9poque enivrante de changements rapides. Les progr\u00e8s du transport a\u00e9rien et des t\u00e9l\u00e9communications ont commenc\u00e9 \u00e0 acc\u00e9l\u00e9rer la t\u00e2che, \u00e0 r\u00e9duire le temps et \u00e0 multiplier le nombre et la fr\u00e9quence des contacts et des relations internationales. Le monde se r\u00e9tr\u00e9cissait. Marshall McLuhan allait bient\u00f4t inventer le terme de \u00ab village plan\u00e9taire \u00bb. La DARPA, la Defense Advanced Research Projects Agency des \u00c9tats-Unis, avait \u00e9t\u00e9 fond\u00e9e deux ans plus t\u00f4t, en 1958, et a rapidement commenc\u00e9 \u00e0 travailler sur le projet de r\u00e9seau informatique qui a finalement donn\u00e9 naissance \u00e0 Internet.<\/h3>\n<p>&nbsp;<\/p>\n\n\n\n<h3 style=\"text-align: justify;\">\u00ab Les solutions aux probl\u00e8mes sociaux complexes et pernicieux exigent une connaissance interdisciplinaire, multidisciplinaire et intersectorielle des interd\u00e9pendances entre les diff\u00e9rents domaines de la connaissance et de l\u2019activit\u00e9 sociale. \u00bb<\/h3>\n<p>&nbsp;<\/p>\n\n\n\n<h3 style=\"text-align: justify;\">Le dilemme pos\u00e9 par la perc\u00e9e scientifique qui a cr\u00e9\u00e9 les armes nucl\u00e9aires n\u2019est pas unique. On prenait d\u00e9j\u00e0 de plus en plus conscience que la connaissance scientifique, en g\u00e9n\u00e9ral, pouvait \u00eatre une arme \u00e0 double tranchant. Toujours en 1956, Jacob Bronowski, un math\u00e9maticien qui avait \u00e9tudi\u00e9 les effets du bombardement atomique du Japon, publia sa c\u00e9l\u00e8bre conf\u00e9rence \u00ab&nbsp;Science et valeurs humaines.\u00bb (\u00ab&nbsp;Science and Human Values&nbsp;\u00bb).<\/h3>\n<p>&nbsp;<\/p>\n\n\n\n<h3 style=\"text-align: justify;\">Parall\u00e8lement \u00e0 l\u2019invention d\u2019armes de destruction massive toujours plus puissantes, la science a port\u00e9 secours \u00e0 l\u2019humanit\u00e9 sous la forme d\u2019antibiotiques et de vaccins vitaux, tels que le vaccin contre la poliomy\u00e9lite d\u00e9velopp\u00e9 par Jonas Salk, membre de l\u2019AMAS. Qui pouvait imaginer \u00e0 l\u2019\u00e9poque qu\u2019un cadeau aussi sacr\u00e9 et vivifiant puisse avoir des cons\u00e9quences aussi graves et potentiellement mortelles ? Pourtant, il est vite devenu \u00e9vident que la baisse des taux de mortalit\u00e9 et de mortalit\u00e9 infantile \u00e9tait l\u2019une des principales raisons de l\u2019expansion sans pr\u00e9c\u00e9dent de la population, qui a entra\u00een\u00e9 une famine g\u00e9n\u00e9ralis\u00e9e et un nombre incalculable de d\u00e9c\u00e8s.<\/h3>\n<p>&nbsp;<\/p>\n\n\n\n<h3 style=\"text-align: justify;\">Les graves impacts de l\u2019explosion d\u00e9mographique ont stimul\u00e9 un important projet de recherche \u00e0 l\u2019Acad\u00e9mie, qui a conduit \u00e0 la publication en 1965 de \u00ab&nbsp;La crise d\u00e9mographique&nbsp;: Incidences et plans d\u2019action&nbsp;\u00bb (The Population Crisis : Implications and Plans of Action), \u00e9dit\u00e9 par les membres de l\u2019AMAS et comprenant des contributions de plus de 20 scientifiques. <a href=\"https:\/\/cadmusjournal.org\/article\/volume-4\/issue-4\/retrospective-and-reflections-waas60#_idTextAnchor023\"><sup>12&nbsp;&nbsp;<\/sup><\/a><\/h3>\n<p>&nbsp;<\/p>\n\n\n\n<h3 style=\"text-align: justify;\">La science a am\u00e9lior\u00e9 nos vies \u00e0 bien des \u00e9gards&#8230; D\u2019autre part, elle nous a \u00e9galement donn\u00e9 la capacit\u00e9 de d\u00e9vaster l\u2019environnement \u00e0 une \u00e9chelle sans pr\u00e9c\u00e9dent et d\u2019an\u00e9antir compl\u00e8tement notre esp\u00e8ce. <a href=\"https:\/\/cadmusjournal.org\/article\/volume-4\/issue-4\/retrospective-and-reflections-waas60#_idTextAnchor019\"><sup>11<\/sup><\/a><\/h3>\n<p>&nbsp;<\/p>\n\n\n\n\n\n<p><\/p>\n\n\n\n<h2 class=\"wp-block-heading has-text-align-center\">3.  <strong>Int\u00e9gration des connaissances<\/strong><\/h2>\n\n\n\n<p><\/p>\n\n\n\n<h3 class=\"wp-block-heading\" style=\"text-align: justify;\">La croissance rapide de la population ne peut \u00eatre assur\u00e9e uniquement par les applications de la science et de la technologie sous la forme d\u2019antibiotiques et de vaccins. Cela a \u00e9galement n\u00e9cessit\u00e9 des efforts sans pr\u00e9c\u00e9dent pour accro\u00eetre l\u2019approvisionnement en nourriture afin de nourrir les populations en expansion rapide. Des efforts massifs ont \u00e9t\u00e9 n\u00e9cessaires pour augmenter la production alimentaire en adoptant des vari\u00e9t\u00e9s de c\u00e9r\u00e9ales vivri\u00e8res \u00e0 haut rendement, une autre perc\u00e9e scientifique merveilleuse. <a href=\"https:\/\/cadmusjournal.org\/article\/volume-4\/issue-4\/retrospective-and-reflections-waas60#_idTextAnchor025\"><sup>13<\/sup><\/a><\/h3>\n<p>&nbsp;<\/p>\n\n\n\n<h3 style=\"text-align: justify;\">Ces efforts n\u00e9cessitaient non seulement des connaissances scientifiques et de la technologie pour accro\u00eetre la production, mais aussi un \u00e9ventail beaucoup plus large de comp\u00e9tences pour les introduire et les diffuser rapidement parmi les populations analphab\u00e8tes ou peu instruites des pays en d\u00e9veloppement.<\/h3>\n<p>&nbsp;<\/p>\n\n\n\n<h3 style=\"text-align: justify;\">Il a fallu des strat\u00e9gies int\u00e9gr\u00e9es complexes impliquant la cr\u00e9ation de nouvelles institutions, des changements dans les lois et les politiques publiques, des programmes de vulgarisation et de formation aupr\u00e8s des agriculteurs pour persuader des centaines de millions d\u2019entre eux d\u2019adopter les nouvelles technologies, des modifications de l\u2019\u00e9ducation et de la formation, un d\u00e9veloppement et une r\u00e9organisation rapides des syst\u00e8mes de soins de sant\u00e9, une intervention publique dans l\u2019approvisionnement alimentaire et la fixation des prix pour emp\u00eacher la th\u00e9saurisation et la sp\u00e9culation, am\u00e9liorer le transport et le stockage de la production exc\u00e9dentaire afin de r\u00e9duire les d\u00e9chets et d\u2019assurer aux agriculteurs un d\u00e9bouch\u00e9 tout pr\u00eat pour les exc\u00e9dents dans les r\u00e9gions insuffisamment&nbsp; productives, l\u2019importation de semences hybrides et d\u2019engrais, l\u2019augmentation de la capacit\u00e9 de transformation des produits agricoles, le soutien des prix, les investissements dans les infrastructures et la coordination de la recherche scientifique au sein des disciplines et entre elles.<\/h3>\n<p>&nbsp;<\/p>\n\n\n\n<h3 style=\"text-align: justify;\">En d\u2019autres termes, il fallait une approche multidisciplinaire tr\u00e8s large pour appliquer la science et la technologie \u00e0 des probl\u00e8mes sociaux et culturels complexes et tr\u00e8s souvent pernicieux qui d\u00e9fiaient toute solution par l\u2019application de nouvelles technologies fond\u00e9es sur des th\u00e9ories disciplinaires \u00e9troites, des strat\u00e9gies fragment\u00e9es, des institutions sp\u00e9cialis\u00e9es et des approches fragmentaires<\/h3>\n<h4 style=\"text-align: justify;\">.<\/h4>\n\n\n\n<figure class=\"wp-block-image size-full\"><img decoding=\"async\" loading=\"lazy\" width=\"492\" height=\"416\" src=\"https:\/\/sitepersojlc.fr\/wp-content\/uploads\/2023\/02\/image-1.png\" alt=\"\" class=\"wp-image-3356\" srcset=\"https:\/\/sitepersojlc.fr\/wp-content\/uploads\/2023\/02\/image-1.png 492w, https:\/\/sitepersojlc.fr\/wp-content\/uploads\/2023\/02\/image-1-300x254.png 300w\" sizes=\"(max-width: 492px) 100vw, 492px\" \/><\/figure>\n\n\n\n<h3 style=\"text-align: justify;\">Le pouvoir d\u2019une approche int\u00e9gr\u00e9e a \u00e9t\u00e9 illustr\u00e9 avec force \u00e0 la fin des ann\u00e9es 1960 lorsque l\u2019Inde a adopt\u00e9 une strat\u00e9gie globale de d\u00e9veloppement qui incorporait toutes les dimensions du support des connaissances, des politiques et des institutions n\u00e9cessaires \u00e0 la croissance rapide de la production, de la transformation, de la distribution et de la consommation alimentaires. Au cours de la d\u00e9cennie suivante, cela a permis \u00e0 des dizaines de millions d\u2019agriculteurs, pour la plupart sans \u00e9ducation, \u00e0 travers le pays de doubler la production de c\u00e9r\u00e9ales alimentaires de l\u2019Inde et de transformer une nation sujette \u00e0 la famine en un exportateur net de produits alimentaires, dans ce qui est devenu populairement connu sous le nom de r\u00e9volution verte.<\/h3>\n<p>&nbsp;<\/p>\n\n\n\n<h3 style=\"text-align: justify;\">Les solutions aux probl\u00e8mes sociaux complexes et \u00e9pouvantables exigent une connaissance interdisciplinaire, multidisciplinaire et intersectorielle des interd\u00e9pendances entre les diff\u00e9rents domaines de la connaissance et de l\u2019activit\u00e9 sociale. <a href=\"https:\/\/cadmusjournal.org\/article\/volume-4\/issue-4\/retrospective-and-reflections-waas60#_idTextAnchor027\"><sup>14<\/sup><\/a> Mais elles exigent aussi un autre type de connaissance qui transcende les fronti\u00e8res disciplinaires. Elles exigent de nouvelles fa\u00e7ons de penser et de savoir <a href=\"https:\/\/cadmusjournal.org\/article\/volume-4\/issue-4\/retrospective-and-reflections-waas60#_idTextAnchor029\"><sup>15<\/sup><\/a> qui&nbsp; non seulement relient et combinent de multiples perspectives et formes de connaissances, mais percent sous leurs diff\u00e9rences superficielles pour comprendre les processus sociaux transdisciplinaires sous-jacents<a href=\"https:\/\/cadmusjournal.org\/article\/volume-4\/issue-4\/retrospective-and-reflections-waas60#_idTextAnchor031\"><sup>16<\/sup><\/a> qui les gouvernent. <a href=\"https:\/\/cadmusjournal.org\/article\/volume-4\/issue-4\/retrospective-and-reflections-waas60#_idTextAnchor033\"><sup>17<\/sup><\/a><\/h3>\n<p>&nbsp;<\/p>\n\n\n\n<h3 style=\"text-align: justify;\">\u00c0 la fin des ann\u00e9es 1960, l\u2019Acad\u00e9mie avait d\u00e9j\u00e0 \u00e9tendu la port\u00e9e de ses travaux sur la paix, le d\u00e9sarmement, la population et&nbsp; l\u2019alimentation \u00e0 des probl\u00e8mes encore plus difficiles et plus complexes concernant l\u2019environnement. L\u2019AMAS a organis\u00e9 une conf\u00e9rence conjointe de cinq jours avec la Soci\u00e9t\u00e9 G\u00e9ographique Am\u00e9ricaine (American Geographical Society) qui a conduit \u00e0 la publication de \u00ab Environnement et Soci\u00e9t\u00e9 en Transition \u00bb (Environment and Society in Transition) en 1970. <a href=\"https:\/\/cadmusjournal.org\/article\/volume-4\/issue-4\/retrospective-and-reflections-waas60#_idTextAnchor035\"><sup>18<\/sup><\/a> Les sujets abord\u00e9s comprenaient la m\u00e9t\u00e9orologie, la population, la f\u00e9condit\u00e9, la famille, l\u2019alimentation, l\u2019eau, l\u2019\u00e9nergie, le droit, la science des politiques, l\u2019\u00e9conomie, la gestion des d\u00e9chets, la sant\u00e9, l\u2019\u00e9ducation, la technologie \u00e9lectronique et l\u2019ordre public. L\u2019int\u00e9gration des questions environnementales \u00e0 ces autres dimensions a \u00e9t\u00e9 un th\u00e8me cardinal des travaux de l\u2019Acad\u00e9mie depuis lors, y compris trois projets avec l\u2019ONU discut\u00e9s plus loin dans le pr\u00e9sent document.<\/h3>\n<p>&nbsp;<\/p>\n\n\n\n<p><\/p>\n\n\n\n<h3 style=\"text-align: justify;\">Deux autres projets actuels de l\u2019AMAS se concentrent sur la surveillance de l\u2019environnement politique, social et \u00e9cologique mondial en publiant des \u00e9ditions p\u00e9riodiquement mises \u00e0 jour du \u00ab&nbsp;<a href=\"https:\/\/securesustain.org\/\"><em>Guide de S\u00e9curit\u00e9<\/em><\/a><em><u> et de D\u00e9veloppement Durable<\/u><\/em>&nbsp;\u00bb, (the <a href=\"https:\/\/securesustain.org\/\"><em>Security and Sustainability Guide<\/em><\/a>) un r\u00e9pertoire mondial des principales organisations travaillant sur les questions de S&amp;D et un autre rapportant les derniers r\u00e9sultats des recherches concernant toutes les dimensions de la pand\u00e9mie de COVID-19.<\/h3>\n<p>&nbsp;<\/p>\n\n\n\n<h3 style=\"text-align: justify;\">Comme l\u2019a \u00e9crit Oppenheimer, \u00ab la sp\u00e9cialisation en science accompagne in\u00e9vitablement le progr\u00e8s ; Pourtant, elle est pleine de dangers et gaspille cruellement, car une grande partie de ce qui est beau et \u00e9clairant est coup\u00e9e du monde.<a href=\"https:\/\/cadmusjournal.org\/article\/volume-4\/issue-4\/retrospective-and-reflections-waas60#_idTextAnchor037\"><sup>19<\/sup><\/a> Il aurait pu ajouter qu\u2019une grande partie de ce qui est partiel, incomplet et d\u00e9s\u00e9quilibr\u00e9 est \u00e9galement coup\u00e9e de la r\u00e9alit\u00e9 du monde r\u00e9el. Le processus de g\u00e9n\u00e9ralisation dans la pens\u00e9e, comme la recherche de mod\u00e8les dans les m\u00e9gadonn\u00e9es, est en grande partie un processus de recherche de corr\u00e9lations et de points communs, tout en ignorant les faits qui distinguent et les caract\u00e9ristiques qui d\u00e9finissent l\u2019individualit\u00e9 et l\u2019unicit\u00e9.<\/h3>\n<h3 style=\"text-align: justify;\">Cela est particuli\u00e8rement vrai dans les sciences sociales, o\u00f9 la complexit\u00e9 de la r\u00e9alit\u00e9 \u00e9tudi\u00e9e est infiniment plus grande que celle des particules subatomiques dans un cyclotron. L\u2019AMAS a \u00e9t\u00e9 aid\u00e9 \u00e0 comprendre \u00e0 la fois les similitudes et les diff\u00e9rences entre les deux domaines par un fort contingent de physiciens, en particulier des physiciens, ce qui a conduit \u00e0 une relation fructueuse avec le CERN sur la complexit\u00e9 et, plus r\u00e9cemment, avec l\u2019IEEE sur l\u2019informatique cognitive et les syst\u00e8mes symbiotiques. <a href=\"https:\/\/cadmusjournal.org\/article\/volume-4\/issue-4\/retrospective-and-reflections-waas60#_idTextAnchor039\"><sup>20<\/sup><\/a><\/h3>\n<p>&nbsp;<\/p>\n\n\n\n<h3 style=\"text-align: justify;\">La diff\u00e9rence de complexit\u00e9 entre les sciences naturelles et les sciences sociales a fait l\u2019objet d\u2019un colloque passionnant organis\u00e9 par l\u2019AMAS et le CERN en 2014. <a href=\"https:\/\/cadmusjournal.org\/article\/volume-4\/issue-4\/retrospective-and-reflections-waas60#_idTextAnchor041\"><sup>21<\/sup><\/a> Les penseurs des deux disciplines ont convenu que la complexit\u00e9 des forces physiques agissant sur des objets physiques inanim\u00e9s n\u2019est rien compar\u00e9e \u00e0 l\u2019ensemble des facteurs physiques, biologiques, \u00e9cologiques, sociaux, technologiques, intellectuels, psychologiques et culturels influen\u00e7ant le comportement des individus conscients et des groupes sociaux, tels que les r\u00e9sultats d\u2019une \u00e9lection nationale, les attirances entre les individus, la popularit\u00e9 d\u2019une personnalit\u00e9 ou d\u2019une performance,&nbsp; le r\u00e9sultat d\u2019un \u00e9v\u00e9nement sportif ou les fluctuations des march\u00e9s financiers.<\/h3>\n<p>&nbsp;<\/p>\n\n\n\n<h3 style=\"text-align: justify;\">\u00ab La seconde moiti\u00e9 du 20e si\u00e8cle n\u2019a pas invent\u00e9 de nobles valeurs humaines.&nbsp; Mais il a fait plus que toute autre p\u00e9riode pr\u00e9c\u00e9dente de l\u2019histoire pour traduire les id\u00e9aux utopiques \u00e9lev\u00e9s en une r\u00e9alit\u00e9 pratique.&nbsp;\u00bb<\/h3>\n<p>&nbsp;<\/p>\n\n\n\n<h3 style=\"text-align: justify;\">Les d\u00e9fis pos\u00e9s par les probl\u00e8mes complexes et \u00e9pineux du 20e si\u00e8cle ont suscit\u00e9 \u00e0 partir du milieu des ann\u00e9es 1940 un int\u00e9r\u00eat croissant pour une forme de transdisciplinarit\u00e9 connue sous le nom de th\u00e9orie des syst\u00e8mes, qui a servi de base \u00e0 l\u2019analyse des contraintes de ressources par le Club de Rome dans \u00ab&nbsp;<em>Les Limites de la Croissance&nbsp;\u00bb (Limits to Growth<\/em> 1972).&nbsp;La publication de ce rapport a marqu\u00e9 le d\u00e9but d\u2019une relation de cinquante ans entre l\u2019AMAS et le Club, y compris un large chevauchement des membres et des dirigeants, par exemple, cinq des sept derniers pr\u00e9sidents de l\u2019AMAS ont \u00e9galement \u00e9t\u00e9 membres du Club. Orio Giarini a assist\u00e9 aux premi\u00e8res r\u00e9unions du Club et a ensuite r\u00e9dig\u00e9 cinq rapports au Club avec des id\u00e9es pionni\u00e8res sur l\u2019\u00e9conomie, l\u2019environnement, l\u2019emploi, l\u2019\u00e9ducation et l\u2019incertitude avant d\u2019\u00eatre \u00e9lu \u00e0 l\u2019AMAS, devenant le r\u00e9dacteur en chef fondateur du \u00ab&nbsp;Journal de Cadmus&nbsp;\u00bb (\u00ab&nbsp;<em>Cadmus Journal&nbsp;\u00bb<\/em>,) un contributeur cl\u00e9 au projet \u00ab&nbsp;Nouvelle Th\u00e9orie Economique&nbsp;(NTE)\u00bb (New Economic Theory) de l\u2019Acad\u00e9mie, et finalement membre du conseil d\u2019administration de l\u2019AMAS. <a href=\"https:\/\/cadmusjournal.org\/article\/volume-4\/issue-4\/cj-v4-i4-retrospective-and-reflections-gjacobs-etal.html#_idTextAnchor043\"><sup>22,23<\/sup><\/a><\/h3>\n<p>&nbsp;<\/p>\n\n\n\n<h3 style=\"text-align: justify;\">La qu\u00eate de connaissances transdisciplinaires a conduit par la suite \u00e0 l\u2019exploration de th\u00e9ories plus complexes de la soci\u00e9t\u00e9, telles que les travaux fondateurs de l\u2019\u00e9minent th\u00e9oricien social Harold Lasswell, pr\u00e9sident de l\u2019AMAS dans les ann\u00e9es 1970, dont la th\u00e9orie et le mod\u00e8le de processus sociaux complexes int\u00e9graient des perspectives politiques, juridiques, organisationnelles, sociales, culturelles, psychologiques englobant le r\u00f4le des individus, des institutions, de la communication et plus particuli\u00e8rement des valeurs. <a href=\"https:\/\/cadmusjournal.org\/article\/volume-4\/issue-4\/retrospective-and-reflections-waas60#_idTextAnchor047\"><sup>24<\/sup><\/a> Parall\u00e8lement, cela a conduit l\u2019AMAS \u00e0 une \u00e9tude du changement paradigmatique dans un livre d\u2019essais intitul\u00e9 \u00ab&nbsp;<em>Nouveau Paradigme : Le monde 300 ans apr\u00e8s Newton sur les d\u00e9veloppements de la physique, de l\u2019\u00e9cologie, de l\u2019\u00e9conomie et de l\u2019art&nbsp;\u00bb<\/em>. Parmi les auteurs figurait Ilya Prigogine, membre de l\u2019AMAS, qui a re\u00e7u le prix Nobel de chimie en 1977 pour ses travaux sur les structures dissipatives, les syst\u00e8mes complexes et l\u2019irr\u00e9versibilit\u00e9. <a href=\"https:\/\/cadmusjournal.org\/article\/volume-4\/issue-4\/retrospective-and-reflections-waas60#_idTextAnchor049\"><sup>25&nbsp;<\/sup><\/a><\/h3>\n<p>&nbsp;<\/p>\n\n\n\n<h3 style=\"text-align: justify;\">Ce fil s\u2019est poursuivi dans les ann\u00e9es 1990 lorsque Harlan Cleveland a organis\u00e9 une s\u00e9rie de conf\u00e9rences sur la n\u00e9cessit\u00e9 d\u2019une th\u00e9orie int\u00e9gr\u00e9e du d\u00e9veloppement social \u00e0 Vancouver (1998), Washington et Chennai (1999) menant \u00e0 la publication d\u2019une monographie sur le choix humain. <a href=\"https:\/\/cadmusjournal.org\/article\/volume-4\/issue-4\/retrospective-and-reflections-waas60#_idTextAnchor051\"><sup>26<\/sup><\/a> Les travaux ont \u00e9galement fait l\u2019objet d\u2019une s\u00e9rie d\u2019articles publi\u00e9s dans <em>Cadmus <\/em>et <em>Eruditio<\/em>. <a href=\"https:\/\/cadmusjournal.org\/article\/volume-4\/issue-4\/retrospective-and-reflections-waas60#_idTextAnchor053\"><sup>27,28<\/sup><\/a> Plus r\u00e9cemment, la pens\u00e9e syst\u00e9mique a \u00e9galement \u00e9t\u00e9 au c\u0153ur des travaux d\u2019autres membres sur les sciences des r\u00e9seaux et de la complexit\u00e9, ainsi que sur la discipline \u00e9mergente des syst\u00e8mes prospectifs. <a href=\"https:\/\/cadmusjournal.org\/article\/volume-4\/issue-4\/retrospective-and-reflections-waas60#_idTextAnchor057\"><sup>29<\/sup><\/a><sup>,<\/sup><a href=\"https:\/\/cadmusjournal.org\/article\/volume-4\/issue-4\/retrospective-and-reflections-waas60#_idTextAnchor059\"><sup>30<\/sup><\/a><sup>,<\/sup><a href=\"https:\/\/cadmusjournal.org\/article\/volume-4\/issue-4\/retrospective-and-reflections-waas60#_idTextAnchor061\"><sup>31<\/sup><\/a><sup>,<\/sup><a href=\"https:\/\/cadmusjournal.org\/article\/volume-4\/issue-4\/retrospective-and-reflections-waas60#_idTextAnchor063\"><sup>32<\/sup><\/a><sup>,<\/sup><a href=\"https:\/\/cadmusjournal.org\/article\/volume-4\/issue-4\/retrospective-and-reflections-waas60#_idTextAnchor065\"><sup>33&nbsp;&nbsp;<\/sup><\/a><\/h3>\n<p>&nbsp;<\/p>\n\n\n\n<p><\/p>\n\n\n\n<h2 class=\"wp-block-heading has-text-align-center\">4. <strong>Science et Valeurs Humaines<\/strong><\/h2>\n\n\n\n<h2 class=\"wp-block-heading\"><\/h2>\n\n\n\n<h3 style=\"text-align: justify;\">L\u2019absence de divisions disciplinaires et de programmes \u00e9troitement sp\u00e9cialis\u00e9s a \u00e9t\u00e9 l\u2019une des caract\u00e9ristiques d\u00e9terminantes du travail de l\u2019Acad\u00e9mie depuis sa cr\u00e9ation. Mais ce n\u2019\u00e9tait pas le seul. D\u00e8s ses d\u00e9buts, le travail de l\u2019Acad\u00e9mie s\u2019est \u00e9galement distingu\u00e9 d\u2019une autre mani\u00e8re du vaste corpus de recherche en pleine expansion ax\u00e9 sur les d\u00e9fis mondiaux. Avec les signataires du Manifeste Russell-Einstein et d\u2019autres grands penseurs de l\u2019\u00e9poque, Bronowski s\u2019est rendu compte que la relation entre le r\u00f4le de l\u2019humanit\u00e9 dans la nature et les valeurs humaines n\u2019\u00e9tait pas simplement une question de recherche philosophique. Cela avait d\u2019immenses implications pratiques.<\/h3>\n<p>&nbsp;<\/p>\n\n\n\n<h3 style=\"text-align: justify;\">Il y a soixante-dix ans, la prise de d\u00e9cision concernant l\u2019utilisation de la bombe atomique \u00e0 Hiroshima et Nagasaki excluait les scientifiques et les \u00e9l\u00e9ments des efforts scientifiques, et le contr\u00f4le de l\u2019arme passait \u00e0 l\u2019arm\u00e9e et, en fin de compte, aux politiciens. La d\u00e9cision de Truman d\u2019utiliser la bombe \u00e9tait une d\u00e9cision politique et militaire, et non le produit d\u2019une r\u00e9flexion \u00e9thique et morale majeure, ou d\u2019une compr\u00e9hension scientifique et intellectuelle. Cela explique probablement pourquoi Oppenheimer \u00e9tait d\u00e9go\u00fbt\u00e9 par l\u2019establishment militaire et politique et pourquoi ses pr\u00e9occupations, jointes aux pr\u00e9occupations d\u2019Einstein, soulevaient la question de l\u2019importance de la moralit\u00e9 et de l\u2019\u00e9thique de la science.<\/h3>\n<p>&nbsp;<\/p>\n\n\n\n<p><\/p>\n\n\n\n<h3 style=\"text-align: justify;\">Cela a soulev\u00e9 les questions critiques cristallis\u00e9es dans la fondation de l\u2019AMAS concernant l\u2019\u00e9thique et la moralit\u00e9 de la science et des syst\u00e8mes d\u2019armes et, plus important encore, l\u2019imp\u00e9ratif de la paix et de la s\u00e9curit\u00e9 mondiales. C\u2019est ainsi que l\u2019Acad\u00e9mie a commenc\u00e9 \u00e0 mettre &nbsp;l\u2019accent sur les cons\u00e9quences sociales et les implications politiques des progr\u00e8s de la science et de l\u2019activit\u00e9 intellectuelle.<\/h3>\n<p>&nbsp;<\/p>\n\n\n\n<h3 style=\"text-align: justify;\">Pendant la p\u00e9riode de fondation de l\u2019AMAS, la mondialisation des valeurs se poursuivait parall\u00e8lement \u00e0 celle du savoir. L\u2019int\u00e9r\u00eat manifest\u00e9 du bout des l\u00e8vres &nbsp;aux droits de l\u2019homme dans la Charte des Nations Unies a \u00e9t\u00e9 partiellement compens\u00e9 par l\u2019adoption de la D\u00e9claration universelle des droits de l\u2019homme en 1948 \u2013 un document qui affirmait les id\u00e9es les plus \u00e9lev\u00e9es de libert\u00e9 individuelle et d\u2019\u00e9galit\u00e9, mais qui \u00e9tait loin de les \u00e9tayer par la force de la loi et des m\u00e9canismes d\u2019application.<\/h3>\n<p>&nbsp;<\/p>\n\n\n\n<h3 style=\"text-align: justify;\">Les d\u00e9cennies suivantes ont progressivement traduit les id\u00e9aux \u00e9lev\u00e9s dans l\u2019intention politique et la r\u00e9alit\u00e9 sociale, jusqu\u2019\u00e0 ce que les droits affirm\u00e9s dans la DUDH deviennent finalement les principes et valeurs fondamentaux pour la formation des 17 objectifs de d\u00e9veloppement durable (ODD) en 2015. Dans \u00ab&nbsp;<em>Transformer Notre Monde : N\u00e9cessaire, Urgent et Encore Possible&nbsp;\u00bb, <\/em>Ivo \u0160laus d\u00e9crit les ODD comme un plan d\u2019action conscient pour chacun d\u2019entre nous et pour l\u2019humanit\u00e9 dans son ensemble et leur r\u00e9alisation est n\u00e9cessaire et urgente. <a href=\"https:\/\/cadmusjournal.org\/article\/volume-4\/issue-4\/retrospective-and-reflections-waas60#_idTextAnchor067\"><sup>34&nbsp;&nbsp;<\/sup><\/a><\/h3>\n<p>&nbsp;<\/p>\n\n\n\n<h3 style=\"text-align: justify;\">La seconde moiti\u00e9 du 20\u00e8me si\u00e8cle n\u2019a pas invent\u00e9 de nobles valeurs humaines. Mais elle a fait plus que toute autre p\u00e9riode pr\u00e9c\u00e9dente de l\u2019histoire pour traduire les id\u00e9aux utopiques \u00e9lev\u00e9s en r\u00e9alit\u00e9 pratique. Pr\u00e8s de deux si\u00e8cles apr\u00e8s la D\u00e9claration d\u2019ind\u00e9pendance et un si\u00e8cle apr\u00e8s l\u2019abolition de l\u2019esclavage en Am\u00e9rique, le mouvement am\u00e9ricain des droits civiques est n\u00e9 en 1955 lorsque Rosa Parks a refus\u00e9 de monter \u00e0 l\u2019arri\u00e8re d\u2019un bus \u00e0 Montgomery, en Alabama, et qu\u2019un pr\u00e9dicateur local nomm\u00e9 Martin Luther King Jr. a commenc\u00e9 sa longue marche pour l\u2019\u00e9galit\u00e9 des droits pour les Afro-Am\u00e9ricains. <a href=\"https:\/\/cadmusjournal.org\/article\/volume-4\/issue-4\/retrospective-and-reflections-waas60#_idTextAnchor069\"><sup>35&nbsp;&nbsp;&nbsp;&nbsp;<\/sup><\/a><\/h3>\n<p>&nbsp;<\/p>\n\n\n\n<p><\/p>\n\n\n\n<h3 style=\"text-align: justify;\"><em>L\u2019Acad\u00e9mie a \u00e9t\u00e9 cr\u00e9\u00e9e dans le but explicite de marier les connaissances scientifiques avec les valeurs humaines universelles<\/em>. Outre les signataires distingu\u00e9s du Manifeste Russell-Einstein, les fondateurs de l\u2019AMAS comprenaient non seulement de nombreux autres scientifiques accomplis, parmi lesquels cinq furent laur\u00e9ats du prix Nobel \u00e0 l\u2019\u00e9poque, mais aussi d\u2019\u00e9minents diplomates internationaux: par exemple Joseph Needham, cofondateur de l\u2019UNESCO; Lord Boyd Orr, premier Directeur g\u00e9n\u00e9ral de l\u2019Organisation des Nations Unies pour l\u2019alimentation et l\u2019agriculture (FAO); et G. Brock Chisholm, premier Directeur g\u00e9n\u00e9ral de l\u2019Organisation mondiale de la Sant\u00e9 (OMS).<\/h3>\n<p>&nbsp;<\/p>\n\n\n\n<h3 style=\"text-align: justify;\">Ces personnes, ainsi que d\u2019autres qui ont contribu\u00e9 au premier volume d\u2019essais de l\u2019Acad\u00e9mie sur la \u00ab&nbsp;La Science et l\u2019Avenir de l\u2019Humanit\u00e9&nbsp;\u00bb en 1961, croyaient toutes que la science partageait la responsabilit\u00e9 de la direction que prenait l\u2019humanit\u00e9 et avait l\u2019obligation d\u2019agir. Ils ont r\u00e9alis\u00e9 que la tour d\u2019ivoire s\u00e9parant l\u2019universit\u00e9 du monde qui l\u2019entoure et la division cart\u00e9sienne s\u00e9parant arbitrairement la pens\u00e9e logique de la r\u00e9alit\u00e9 sociale ne suffisaient plus \u00e0 isoler les cr\u00e9ateurs de connaissances des cons\u00e9quences de leur application dans la pratique comme en th\u00e9orie.<\/h3>\n<p>&nbsp;<\/p>\n\n\n\n<h3 style=\"text-align: justify;\">Ils ont envisag\u00e9 la n\u00e9cessit\u00e9 d\u2019une nouvelle organisation qui aiderait \u00e0 naviguer dans les passages \u00e9troits et dangereux qui s\u00e9paraient les d\u00e9fis et les opportunit\u00e9s offerts par la science et la technologie \u00e9mergentes et aiderait l\u2019humanit\u00e9 \u00e0 d\u00e9velopper une \u00e9ducation plus \u00e9clair\u00e9e, comme indiqu\u00e9 ci-dessous, et des structures organisationnelles plus efficaces pour un passage s\u00fbr vers un avenir meilleur. L\u2019AMAS a \u00e9t\u00e9 cr\u00e9\u00e9e en tant que forum transnational \u00e0 cette fin. <a href=\"https:\/\/cadmusjournal.org\/article\/volume-4\/issue-4\/retrospective-and-reflections-waas60#_idTextAnchor071\"><sup>36<\/sup><\/a> L\u2019objectif d\u00e9terminant pour lequel l\u2019Acad\u00e9mie a \u00e9t\u00e9 fond\u00e9e n\u2019\u00e9tait pas simplement de transcender les limites des perspectives nationales. &nbsp;<em>De mani\u00e8re beaucoup plus radicale, elle a cherch\u00e9 \u00e0 transcender la pens\u00e9e conventionnelle et \u00e0 rechercher de nouvelles perspectives int\u00e9grant la science \u00e0 l\u2019\u00e9thique et aux valeurs universelles.<\/em><\/h3>\n<p>&nbsp;<\/p>\n\n\n\n<h3 style=\"text-align: justify;\">Le souci des droits de l\u2019homme, de la prosp\u00e9rit\u00e9 et du bien-\u00eatre a toujours \u00e9t\u00e9 une motivation centrale du travail de l\u2019Acad\u00e9mie, mais jamais au point de ne pas n\u00e9cessiter des rappels continus. C\u2019\u00e9tait la raison d\u2019\u00eatre d\u2019une conf\u00e9rence internationale organis\u00e9e au Centre International de Physique Th\u00e9orique en 2013 et du symposium de haut niveau coorganis\u00e9 par l\u2019AMAS, le CERN et l\u2019ONU \u00e0 Gen\u00e8ve en 2015 sur la Science, la Technologie, l\u2019Innovation et la Responsabilit\u00e9 Sociale, auquel ont particip\u00e9 les dirigeants de cinq agences des Nations Unies. <a href=\"https:\/\/cadmusjournal.org\/article\/volume-4\/issue-4\/retrospective-and-reflections-waas60#_idTextAnchor073\"><sup>37,38&nbsp;&nbsp;<\/sup><\/a><\/h3>\n<p>&nbsp;<\/p>\n\n\n\n<h3 style=\"text-align: justify;\">Quel que soit le sujet ou le domaine de recherche, le fil conducteur a toujours \u00e9t\u00e9 l\u2019impact social sur l\u2019humanit\u00e9 \u2013 jamais simplement sur la connaissance pour elle-m\u00eame, aussi valide ou pr\u00e9cieuse que cette connaissance puisse \u00eatre. \u00c0 premi\u00e8re lecture, la validit\u00e9 de cette perspective peut sembler si \u00e9vidente qu\u2019elle constituerait le principe directeur de toutes les activit\u00e9s acad\u00e9miques \u2013 et elle pourrait bien l\u2019\u00eatre en principe, mais pas toujours dans la pratique. Car la nature de la connaissance est telle qu\u2019il est possible de poursuivre des chemins de d\u00e9couverte sans tenir pleinement compte de leur impact sur les \u00eatres humains, tout comme le frisson d\u2019un inventeur dans la cr\u00e9ation d\u2019une machine plus rapide ou plus puissante peut devenir si grand qu\u2019il prend le pas sur une r\u00e9flexion d\u00e9sint\u00e9ress\u00e9e sur son utilisation et ses cons\u00e9quences potentielles. En effet, dans un monde o\u00f9 la qu\u00eate du pouvoir politique et du profit commercial sont des motifs et des moteurs si puissants pour la recherche scientifique, il n\u2019est pas surprenant que la science conduise \u00e0 des d\u00e9veloppements aux ramifications f\u00e2cheuses, par exemple l\u2019impact d\u00e9stabilisateur sur les march\u00e9s financiers mondiaux des technologies de trading informatis\u00e9 bas\u00e9es sur les d\u00e9couvertes de deux anciens laur\u00e9ats du prix Nobel ou le d\u00e9veloppement de technologies avanc\u00e9es de fracturation hydraulique au moment pr\u00e9cis o\u00f9 les combustibles fossiles posent un probl\u00e8me et une menace existentiels pour&nbsp; l\u2019avenir de l\u2019humanit\u00e9.<\/h3>\n<p>&nbsp;<\/p>\n\n\n\n<p><\/p>\n\n\n\n<h2 class=\"wp-block-heading has-text-align-center\"><strong>5. Connaissances fiables<\/strong> <\/h2>\n\n\n\n<p><\/p>\n\n\n\n<p><\/p>\n\n\n\n<h3 style=\"text-align: justify;\">En 2008, le Conseil d\u2019Administration de l\u2019AMAS a cr\u00e9\u00e9 un Comit\u00e9 de Planification Strat\u00e9gique charg\u00e9 de pr\u00e9parer un plan strat\u00e9gique pour l\u2019avenir de l\u2019Acad\u00e9mie. <a href=\"https:\/\/cadmusjournal.org\/article\/volume-4\/issue-4\/retrospective-and-reflections-waas60#_idTextAnchor077\"><sup>39<\/sup><\/a> Et parmi les nombreuses questions que le comit\u00e9 de planification a \u00e9t\u00e9 charg\u00e9 d\u2019aborder, il y avait l\u2019\u00e9laboration d\u2019un cadre de programme pour caract\u00e9riser le type de travail que l\u2019Acad\u00e9mie entreprendrait.<\/h3>\n<p>&nbsp;<\/p>\n\n\n\n<h3 style=\"text-align: justify;\">\u00ab L\u2019AMAS n\u2019\u00e9tait pas une acad\u00e9mie fond\u00e9e pour la connaissance sp\u00e9cialis\u00e9e dans des domaines sp\u00e9cifiques, ni pour la poursuite de la connaissance pour la connaissance, mais \u00e9tait plut\u00f4t destin\u00e9e \u00e0&nbsp; \u00e9tudier l\u2019impact de la connaissance sur la politique et la soci\u00e9t\u00e9, ce qui signifie en fin de compte en r\u00e9f\u00e9rence et avec une utilit\u00e9 pour les \u00eatres humains et leur vie sur terre. \u00bb<\/h3>\n<p>&nbsp;<\/p>\n\n\n\n<h3 style=\"text-align: justify;\">Une r\u00e9flexion approfondie sur quarante ans de ses travaux ant\u00e9rieurs et ses occupations actuelles a conduit \u00e0 la formulation d\u2019une conception multidimensionnelle d\u2019un savoir fiable qui a guid\u00e9 ses travaux ult\u00e9rieurs au cours de la derni\u00e8re d\u00e9cennie. <a href=\"https:\/\/cadmusjournal.org\/article\/volume-4\/issue-4\/retrospective-and-reflections-waas60#_idTextAnchor079\"><sup>40<\/sup><\/a> Les conclusions du Comit\u00e9 ont \u00e9t\u00e9 pr\u00e9sent\u00e9es et approuv\u00e9es par le Conseil en mai 2009, puis adopt\u00e9es \u00e0 l\u2019Assembl\u00e9e g\u00e9n\u00e9rale de New Delhi en novembre 2011.<\/h3>\n<p>&nbsp;<\/p>\n\n\n\n<h3 style=\"text-align: justify;\">Comment l\u2019AMAS pourrait-elle distinguer sa mission de celle des autres acad\u00e9mies nationales et r\u00e9gionales ?<\/h3>\n<p>&nbsp;<\/p>\n\n\n\n<h3>Y a-t-il vraiment un point de rencontre commun entre l\u2019art et la science ?<\/h3>\n<p>&nbsp;<\/p>\n\n\n\n<h3>Y a-t-il une contribution unique que l\u2019AMAS peut apporter \u00e0 la connaissance mondiale ?<\/h3>\n<p>&nbsp;<\/p>\n\n\n\n<h3 style=\"text-align: justify;\">Plut\u00f4t que de se distinguer en se sp\u00e9cialisant dans un ensemble particulier de disciplines, de questions ou de zones g\u00e9ographiques, le cadre a formul\u00e9 une approche globale et une perspective int\u00e9gr\u00e9e des connaissances incluant toutes les perspectives disciplinaires et applicables aux probl\u00e8mes sociaux et aux opportunit\u00e9s dans tous les domaines.<\/h3>\n<p>&nbsp;<\/p>\n\n\n\n<p><\/p>\n\n\n\n<h2 class=\"wp-block-heading has-text-align-center\">6. <strong>Connaissance Centr\u00e9e sur l\u2019Humain<\/strong><\/h2>\n\n\n\n<p><\/p>\n\n\n\n<p><\/p>\n\n\n\n<h3 style=\"text-align: justify;\">La caract\u00e9ristique d\u00e9terminante de cette conception de la connaissance fiable est bas\u00e9e sur un document de mission de 1961 des fondateurs mettant l\u2019accent sur les \u00ab&nbsp;implications politiques et les cons\u00e9quences sociales de la connaissance&nbsp;\u00bb. <a href=\"https:\/\/cadmusjournal.org\/article\/volume-4\/issue-4\/retrospective-and-reflections-waas60#_idTextAnchor081\"><sup>41&nbsp;<\/sup><\/a><\/h3>\n<p>&nbsp;<\/p>\n\n\n\n<h3 style=\"text-align: justify;\">L\u2019AMAS n\u2019\u00e9tait pas une acad\u00e9mie fond\u00e9e pour la connaissance sp\u00e9cialis\u00e9e dans des domaines sp\u00e9cifiques, ni pour la poursuite de la connaissance pour la connaissance, mais \u00e9tait plut\u00f4t destin\u00e9e \u00e0 \u00e9tudier l\u2019impact de la connaissance sur la politique et la soci\u00e9t\u00e9, ce qui signifie en fin de compte en r\u00e9f\u00e9rence et avec une utilit\u00e9 &nbsp;pour les \u00eatres humains et leur vie sur terre. En d\u2019autres termes, elle doit \u00eatre centr\u00e9e sur l\u2019humain et chercher \u00e0 r\u00e9pondre \u00e0 tous les crit\u00e8res requis pour que les connaissances soient pertinentes, applicables et efficaces dans la vie des gens.<\/h3>\n<p>&nbsp;<\/p>\n\n\n\n<h3 style=\"text-align: justify;\">L\u2019application du concept de Connaissance Fiable conduit in\u00e9vitablement \u00e0 un programme de travail de port\u00e9e mondiale, multidisciplinaire et transdisciplinaire, multisectoriel, interg\u00e9n\u00e9rationnel, contextuel, \u00e9volutif, fond\u00e9 sur des valeurs et responsable, complet, relationnel, int\u00e9gral, cr\u00e9atif, pratiquement puissant et efficace.<\/h3>\n<h4 style=\"text-align: justify;\">\u00a0<\/h4>\n\n\n\n<p><\/p>\n\n\n\n<p><\/p>\n\n\n\n<p><\/p>\n\n\n\n<p><\/p>\n<div class=\"likebtn_container\" style=\"text-align:center;\"><!-- LikeBtn.com BEGIN --><span class=\"likebtn-wrapper\"  data-identifier=\"post_2681\"  data-site_id=\"6663fc396fd08b3d0b514646\"  data-lang=\"fr\"  data-style=\"\"  data-unlike_allowed=\"\"  data-show_copyright=\"\"  data-item_url=\"https:\/\/sitepersojlc.fr\/?p=2681\"  data-item_title=\"R\u00e9trospective et R\u00e9flexions sur WAAS@60\"  data-item_date=\"2023-01-23T08:02:30+00:00\"  data-engine=\"WordPress\"  data-plugin_v=\"2.6.52\"  data-prx=\"https:\/\/sitepersojlc.fr\/wp-admin\/admin-ajax.php?action=likebtn_prx\"  data-event_handler=\"likebtn_eh\" ><\/span><!-- LikeBtn.com END --><\/div>","protected":false},"excerpt":{"rendered":"<div class=\"likebtn_container\" style=\"text-align:center;\"><!-- LikeBtn.com BEGIN --><span class=\"likebtn-wrapper\"  data-identifier=\"post_2681\"  data-site_id=\"6663fc396fd08b3d0b514646\"  data-lang=\"fr\"  data-style=\"\"  data-unlike_allowed=\"\"  data-show_copyright=\"\"  data-item_url=\"https:\/\/sitepersojlc.fr\/?p=2681\"  data-item_title=\"R\u00e9trospective et R\u00e9flexions sur WAAS@60\"  data-item_date=\"2023-01-23T08:02:30+00:00\"  data-engine=\"WordPress\"  data-plugin_v=\"2.6.52\"  data-prx=\"https:\/\/sitepersojlc.fr\/wp-admin\/admin-ajax.php?action=likebtn_prx\"  data-event_handler=\"likebtn_eh\" ><\/span><!-- LikeBtn.com END --><\/div><p>R\u00e9sum\u00e9 La solution au r\u00e9seau complexe de probl\u00e8mes auxquels l\u2019humanit\u00e9 est confront\u00e9e d\u00e9passe les capacit\u00e9s de tout individu ou petit groupe d\u2019individus ou d\u2019organisations. Mais elle ne r\u00e9side pas au-del\u00e0 de la capacit\u00e9 de l\u2019aspiration collective, de l\u2019intelligence et de la d\u00e9termination de l\u2019humanit\u00e9. Le monde a besoin d\u2019un leadership ambitieux qui transcende la partisanerie [&hellip;]<\/p>\n<div class=\"likebtn_container\" style=\"text-align:center;\"><!-- LikeBtn.com BEGIN --><span class=\"likebtn-wrapper\"  data-identifier=\"post_2681\"  data-site_id=\"6663fc396fd08b3d0b514646\"  data-lang=\"fr\"  data-style=\"\"  data-unlike_allowed=\"\"  data-show_copyright=\"\"  data-item_url=\"https:\/\/sitepersojlc.fr\/?p=2681\"  data-item_title=\"R\u00e9trospective et R\u00e9flexions sur WAAS@60\"  data-item_date=\"2023-01-23T08:02:30+00:00\"  data-engine=\"WordPress\"  data-plugin_v=\"2.6.52\"  data-prx=\"https:\/\/sitepersojlc.fr\/wp-admin\/admin-ajax.php?action=likebtn_prx\"  data-event_handler=\"likebtn_eh\" ><\/span><!-- LikeBtn.com END --><\/div>","protected":false},"author":1,"featured_media":0,"comment_status":"open","ping_status":"open","sticky":false,"template":"","format":"standard","meta":{"om_disable_all_campaigns":false,"_uag_custom_page_level_css":"","_monsterinsights_skip_tracking":false,"_monsterinsights_sitenote_active":false,"_monsterinsights_sitenote_note":"","_monsterinsights_sitenote_category":0,"_uf_show_specific_survey":0,"_uf_disable_surveys":false,"footnotes":""},"categories":[20],"tags":[],"aioseo_notices":[],"uagb_featured_image_src":{"full":false,"thumbnail":false,"medium":false,"medium_large":false,"large":false,"1536x1536":false,"2048x2048":false},"uagb_author_info":{"display_name":"lechev.1910@gmail.com","author_link":"https:\/\/sitepersojlc.fr\/?author=1"},"uagb_comment_info":0,"uagb_excerpt":"R\u00e9sum\u00e9 La solution au r\u00e9seau complexe de probl\u00e8mes auxquels l\u2019humanit\u00e9 est confront\u00e9e d\u00e9passe les capacit\u00e9s de tout individu ou petit groupe d\u2019individus ou d\u2019organisations. Mais elle ne r\u00e9side pas au-del\u00e0 de la capacit\u00e9 de l\u2019aspiration collective, de l\u2019intelligence et de la d\u00e9termination de l\u2019humanit\u00e9. Le monde a besoin d\u2019un leadership ambitieux qui transcende la partisanerie\u2026","_links":{"self":[{"href":"https:\/\/sitepersojlc.fr\/index.php?rest_route=\/wp\/v2\/posts\/2681"}],"collection":[{"href":"https:\/\/sitepersojlc.fr\/index.php?rest_route=\/wp\/v2\/posts"}],"about":[{"href":"https:\/\/sitepersojlc.fr\/index.php?rest_route=\/wp\/v2\/types\/post"}],"author":[{"embeddable":true,"href":"https:\/\/sitepersojlc.fr\/index.php?rest_route=\/wp\/v2\/users\/1"}],"replies":[{"embeddable":true,"href":"https:\/\/sitepersojlc.fr\/index.php?rest_route=%2Fwp%2Fv2%2Fcomments&post=2681"}],"version-history":[{"count":40,"href":"https:\/\/sitepersojlc.fr\/index.php?rest_route=\/wp\/v2\/posts\/2681\/revisions"}],"predecessor-version":[{"id":3640,"href":"https:\/\/sitepersojlc.fr\/index.php?rest_route=\/wp\/v2\/posts\/2681\/revisions\/3640"}],"wp:attachment":[{"href":"https:\/\/sitepersojlc.fr\/index.php?rest_route=%2Fwp%2Fv2%2Fmedia&parent=2681"}],"wp:term":[{"taxonomy":"category","embeddable":true,"href":"https:\/\/sitepersojlc.fr\/index.php?rest_route=%2Fwp%2Fv2%2Fcategories&post=2681"},{"taxonomy":"post_tag","embeddable":true,"href":"https:\/\/sitepersojlc.fr\/index.php?rest_route=%2Fwp%2Fv2%2Ftags&post=2681"}],"curies":[{"name":"wp","href":"https:\/\/api.w.org\/{rel}","templated":true}]}}