{"id":2480,"date":"2023-01-19T07:40:28","date_gmt":"2023-01-19T07:40:28","guid":{"rendered":"https:\/\/sitepersojlc.fr\/?p=2480"},"modified":"2023-01-21T09:02:36","modified_gmt":"2023-01-21T09:02:36","slug":"sous-developpement-croissance-et-distribution-structure-institutionnelle-du-capitalisme","status":"publish","type":"post","link":"https:\/\/sitepersojlc.fr\/?p=2480","title":{"rendered":"Sous d\u00e9veloppement"},"content":{"rendered":"<div class=\"likebtn_container\" style=\"text-align:center;\"><!-- LikeBtn.com BEGIN --><span class=\"likebtn-wrapper\"  data-identifier=\"post_2480\"  data-site_id=\"6663fc396fd08b3d0b514646\"  data-lang=\"fr\"  data-style=\"\"  data-unlike_allowed=\"\"  data-show_copyright=\"\"  data-item_url=\"https:\/\/sitepersojlc.fr\/?p=2480\"  data-item_title=\"Sous d\u00e9veloppement\"  data-item_date=\"2023-01-19T07:40:28+00:00\"  data-engine=\"WordPress\"  data-plugin_v=\"2.6.52\"  data-prx=\"https:\/\/sitepersojlc.fr\/wp-admin\/admin-ajax.php?action=likebtn_prx\"  data-event_handler=\"likebtn_eh\" ><\/span><!-- LikeBtn.com END --><\/div>\n<p class=\"has-text-align-center has-text-color has-medium-font-size\" style=\"color:#ee350c\"><strong>Sous-d\u00e9veloppement, Croissance et Distribution : Structure  Institutionnelle du Capitalisme<\/strong><\/p>\n\n\n\n<p class=\"has-text-align-right\">ARTICLE  publi\u00e9 dans  &lsquo;The Cadmus Journal\u00a0\u00bb le  25 Juin 2021<\/p>\n\n\n<div class=\"has-text-align-right wp-block-post-date\"><time datetime=\"2023-01-19T07:40:28+00:00\">19 janvier 2023<\/time><\/div>\n\n\n<p class=\"has-text-align-right has-text-color\" style=\"color:#f50404\">Auteur : Joanilio Rodolpho Teixeira<\/p>\n\n\n\n<p class=\"has-text-align-right\"><em>Professeur \u00e9m\u00e9rite et Chercheur Principal, Universit\u00e9 de Brasilia (UnB); Membre, Acad\u00e9mie Mondiale des Arts et des Sciences<\/em><\/p>\n\n\n\n<p style=\"text-align: justify;\">Les approches post-Keyn\u00e9siennes et post-Kaleckiennes, en tant que membres de la famille h\u00e9t\u00e9rodoxe, ont progress\u00e9 rapidement au cours des derni\u00e8res d\u00e9cennies. Elles ont apport\u00e9 d\u2019importantes contributions \u00e0 la pens\u00e9e socio-\u00e9conomique, offrant des opportunit\u00e9s n\u00e9cessaires \u00e0 des politiques alternatives ainsi qu\u2019un stimulant important pour de nouveaux domaines de recherche. Elles ne sont pas \u00e0 l\u2019abri des controverses et probablement une combinaison des deux \u00e9coles alternatives \u00e9clairera les projets et les actions futures pour obtenir une soci\u00e9t\u00e9 meilleure pour la majorit\u00e9 de la population mondiale. Kaldor (1971, p. XXIX) mentionne : \u00ab\u00a0Je n\u2019ai jamais senti que la compr\u00e9hension du processus \u00e9conomique ait atteint un stade o\u00f9 il n\u2019est plus susceptible de faire l\u2019objet d\u2019une r\u00e9vision radicale \u00e0 la lumi\u00e8re d\u2019exp\u00e9riences nouvelles\u00a0\u00bb.<\/p>\n\n\n\n<p style=\"text-align: justify;\">Les perspectives ci-dessus sugg\u00e8rent un certain nombre de r\u00e9formes socio-\u00e9conomiques et institutionnelles pour rendre la soci\u00e9t\u00e9 plus saine et plus juste. Il ne fait aucun doute que des propositions politiques s\u00e9rieuses doivent \u00eatre examin\u00e9es afin de s\u2019attaquer \u00e0 certains effets sociaux inacceptables de la pauvret\u00e9, de l\u2019instabilit\u00e9 et de la r\u00e9partition des richesses et des revenus. Cependant, le dilemme fondamental est de savoir comment mettre en \u0153uvre des actions \u00e9quitables. C\u2019est une t\u00e2che difficile en raison du fait que le c\u0153ur de la politique \u00e9conomique, dans la plupart des pays, est dans une large mesure, dirig\u00e9 par ceux qui ont d\u00e9j\u00e0 et voudraient pr\u00e9server leurs privil\u00e8ges, comme le souligne Kalecki (1943, p. 138) :<\/p>\n\n\n\n<p style=\"text-align: justify;\">\u00ab&nbsp;L\u2019hypoth\u00e8se selon laquelle un gouvernement maintiendra le plein emploi dans une \u00e9conomie capitaliste si seulement il sait comment le faire est fallacieuse.&nbsp;\u00bb Parce que cela affaiblit leur pouvoir sur les travailleurs. Des mises \u00e0 jour de nos conceptions sont requises. Nous avons vu les d\u00e9fis pos\u00e9s par les forces du \u00ab populisme \u00bb sur la signification du retard \/ du d\u00e9veloppement \/ du genre \/ de ce qui est racial \/ ethnique \/ d\u00e9mocratie \/ d\u00e9mocratisation.<\/p>\n\n\n\n<p style=\"text-align: justify;\">Nous soulignons que certaines propositions post-Keyn\u00e9siennes et post-Kaleckiennes condamn\u00e9es par la majorit\u00e9 de l\u2019orthodoxie \u00e0 la moquerie, principalement \u00e0 la fin du si\u00e8cle dernier, obtiennent un succ\u00e8s m\u00e9diatique croissant et un respect acad\u00e9mique. Par exemple, dans le dernier colloque organis\u00e9 par l\u2019AMAS, nous trouvons de larges discussions sur les id\u00e9es \u00e9conomiques h\u00e9t\u00e9rodoxes concernant la politique budg\u00e9taire et d\u2019autres th\u00e8mes. Les participants \u00e0 ces \u00e9v\u00e9nements ont exprim\u00e9 le sentiment que les riches ont tendance \u00e0 dominer la soci\u00e9t\u00e9 capitaliste de mani\u00e8re ill\u00e9gitime, ouvrant la voie \u00e0 une in\u00e9galit\u00e9 sociale injuste. Les chercheurs s\u2019expriment fr\u00e9quemment en faveur d\u2019une augmentation du niveau d\u2019imposition sur les fortunes et les successions. En effet, les th\u00e8mes de l\u2019incertitude, du pouvoir, des institutions, de la crise et de leurs implications m\u00e9ritent une profonde attention. Par exemple, le monde est confront\u00e9 \u00e0 la crise du coronavirus aujourd\u2019hui. L\u2019\u00e9pid\u00e9mie en Am\u00e9rique latine est pire que jamais. Ce moment n\u00e9gatif a de graves co\u00fbts humains et sociaux, exigeant une compr\u00e9hension profonde de la nature et des causes de nos besoins r\u00e9els.<\/p>\n\n\n\n<p style=\"text-align: justify;\">Les universitaires et les politiciens sont beaucoup plus ouverts aujourd\u2019hui aux changements structurels qu\u2019avant la r\u00e9cession qui a eu lieu au d\u00e9but de ce si\u00e8cle. Cependant, un certain nombre de questions fondamentales ne semblent pas avoir \u00e9t\u00e9 correctement pos\u00e9es. Par exemple, celles qui ont trait au pouvoir politique qui, dans la soci\u00e9t\u00e9 capitaliste, r\u00e9side principalement dans des entreprises multinationales qui \u00e9chappent au contr\u00f4le des gouvernements. Souvent, elles peuvent m\u00eame saper le gouvernement et mettre des communaut\u00e9s enti\u00e8res au ch\u00f4mage par la sp\u00e9culation et le transfert des capitaux. En outre, elles ont tendance \u00e0 acheter les m\u00e9dias afin que peu d\u2019opinions alternatives puissent \u00eatre clairement exprim\u00e9es, brisant les sanctions, d\u00e9truisant l\u2019environnement national et annon\u00e7ant de \u00ab&nbsp;fausses nouvelles&nbsp;\u00bb. Dans de nombreux pays, les votes des citoyens ont de moins en moins d\u2019efficacit\u00e9 lorsque le pouvoir r\u00e9el ne r\u00e9side pas dans les conseils ou les parlements appropri\u00e9s, mais dans les conseils d\u2019administration. Comment peut-on \u00e9tablir des politiques souhaitables de mani\u00e8re \u00e0 amener ces entreprises \u00e0 servir les int\u00e9r\u00eats socio\u00e9conomiques et politiques de la soci\u00e9t\u00e9 ? Il s\u2019agit notamment de l\u2019augmentation de l\u2019emploi et de l\u2019\u00e9ducation, de l\u2019\u00e9volution de la productivit\u00e9, de l\u2019expansion de la croissance et de la r\u00e9partition des revenus, de la r\u00e9duction des risques, de l\u2019am\u00e9lioration de la sant\u00e9 et de l\u2019environnement. L\u2019administration publique est l\u2019acteur le plus responsable pour \u00e9viter et\/ou surmonter une crise.<\/p>\n\n\n\n<p>\u00ab Nous avons besoin de propositions qui non seulement interpr\u00e8tent le monde, mais expliquent comment poursuivre une civilisation mondiale \u00e9clair\u00e9e. Nous avons besoin d\u2019une vision plus large qui apportera de justes dividendes aux personnes et \u00e0 la nature. \u00bb<\/p>\n\n\n\n<p style=\"text-align: justify;\">Selon Bhaduri (2010, p.24), \u00ab (&#8230;) Le succ\u00e8s du d\u00e9veloppement doit \u00eatre jug\u00e9 du point de vue des plus d\u00e9favoris\u00e9s de la soci\u00e9t\u00e9. Il souligne \u00e9galement que : \u00ab Rien n\u2019est plus destructeur pour un syst\u00e8me politique que le manque d\u2019espoir d\u2019un avenir meilleur. \u00bb Nous devons nous pr\u00e9occuper de la situation actuelle. Gramsci (1977) dit : \u00ab Si le sceptique participe au d\u00e9bat, cela signifie qu\u2019il pense qu\u2019il peut convaincre les gens. C\u2019est-\u00e0-dire qu\u2019il n\u2019est plus sceptique.&nbsp;\u00bb C\u2019est mon cas.<\/p>\n\n\n\n<p style=\"text-align: justify;\">En fait, dans la formulation de la politique socio-\u00e9conomique actuelle, il est utile d\u2019ajouter une myriade de rem\u00e8des (multiplicateurs) ensemble, au lieu des simples exercices math\u00e9matiques et des th\u00e9ories orthodoxes. Il est n\u00e9cessaire de trouver comment augmenter le taux de croissance de l\u2019\u00e9conomie, r\u00e9duire le ch\u00f4mage, am\u00e9liorer la r\u00e9partition des revenus, etc., dans une qu\u00eate insaisissable pour mettre un pays sur la voie d\u2019un niveau de vie souhaitable.<\/p>\n\n\n\n<p style=\"text-align: justify;\">Si nous consid\u00e9rons la possibilit\u00e9 de combiner des changements param\u00e9triques dans les mod\u00e8les post-Keyn\u00e9sien et post-Kaleckien, compte tenu de l\u2019\u00e9conomie existante, il est possible de sugg\u00e9rer quelques points int\u00e9ressants. Par exemple, dans un pays en d\u00e9pression, une plus grande importance des d\u00e9penses publiques pourrait bien favoriser une augmentation de l\u2019\u00e9quit\u00e9 sans effet n\u00e9gatif sur la croissance. Cette possibilit\u00e9 refl\u00e8te la volont\u00e9 de mettre en \u0153uvre une strat\u00e9gie fond\u00e9e sur un gouvernement qui fonctionne mieux, ce qui tend \u00e0 conduire \u00e0 des programmes de transfert cibl\u00e9s sur les groupes d\u00e9favoris\u00e9s. Cette strat\u00e9gie est particuli\u00e8rement n\u00e9cessaire en Am\u00e9rique latine en cette p\u00e9riode de pand\u00e9mie. De nouvelles perspectives th\u00e9oriques et un leadership sont n\u00e9cessaires pour stimuler une transition \u00e9quitable vers un nouveau paradigme.<\/p>\n\n\n\n<p style=\"text-align: justify;\">Comme l\u2019indique la devise de l\u2019AMAS, \u00ab promouvoir le leadership de la pens\u00e9e m\u00e8ne \u00e0 l\u2019action \u00bb. La mise en \u0153uvre rigoureuse de tels amalgames reste difficile, mais il semble pr\u00e9f\u00e9rable d\u2019admettre des complexit\u00e9s plut\u00f4t que de s\u2019enfermer dans des simplifications excessives. Pour un aper\u00e7u de cette th\u00e9orie \u00e9conomique, voir Teixeira (2018).<\/p>\n\n\n\n<p style=\"text-align: justify;\">Certaines contributions et explications de ces complexit\u00e9s ont \u00e9t\u00e9 enviag\u00e9es par les membres de l\u2019ARBRE G\u00c9N\u00c9ALOGIQUE ci-dessous. Inspir\u00e9e par les visions h\u00e9t\u00e9rodoxes des \u00e9conomistes post-Keyn\u00e9siens et post-Kaleckiens, l\u2019\u00e9conomie politique a une bataille \u00e0 mener pour lutter contre le statu quo. Ce fut un combat difficile qui m\u00e9rite une attention consid\u00e9rable. Comme le souligne Brecht (1980), \u00ab l\u2019une des principales causes de la pauvret\u00e9 en science est g\u00e9n\u00e9ralement la richesse imaginaire. Le but de la science n\u2019est pas d\u2019ouvrir une porte \u00e0 une sagesse infinie, mais de fixer une limite \u00e0 l\u2019erreur infinie. Prenez vos notes.&nbsp;\u00bb<\/p>\n\n\n\n<figure class=\"wp-block-image size-full is-resized\"><img decoding=\"async\" loading=\"lazy\" src=\"https:\/\/sitepersojlc.fr\/wp-content\/uploads\/2023\/01\/image-1.png\" alt=\"\" class=\"wp-image-2507\" width=\"1391\" height=\"1020\" srcset=\"https:\/\/sitepersojlc.fr\/wp-content\/uploads\/2023\/01\/image-1.png 600w, https:\/\/sitepersojlc.fr\/wp-content\/uploads\/2023\/01\/image-1-300x220.png 300w\" sizes=\"(max-width: 1391px) 100vw, 1391px\" \/><\/figure>\n\n\n\n<p style=\"text-align: justify;\">Comme l\u2019a exprim\u00e9 Jacobs (2016, p. 22), \u00ab le seul objectif l\u00e9gitime de la science \u00e9conomique est un syst\u00e8me de connaissance qui favorise le bien-\u00eatre de toute l\u2019humanit\u00e9 \u00bb. Dans cet esprit, nous avons besoin de propositions qui non seulement interpr\u00e8tent le monde, mais expliquent comment poursuivre une civilisation mondiale \u00e9clair\u00e9e. Nous avons besoin d\u2019une vision plus large qui apportera de justes retours aux personnes et \u00e0 la nature.<\/p>\n<div class=\"likebtn_container\" style=\"text-align:center;\"><!-- LikeBtn.com BEGIN --><span class=\"likebtn-wrapper\"  data-identifier=\"post_2480\"  data-site_id=\"6663fc396fd08b3d0b514646\"  data-lang=\"fr\"  data-style=\"\"  data-unlike_allowed=\"\"  data-show_copyright=\"\"  data-item_url=\"https:\/\/sitepersojlc.fr\/?p=2480\"  data-item_title=\"Sous d\u00e9veloppement\"  data-item_date=\"2023-01-19T07:40:28+00:00\"  data-engine=\"WordPress\"  data-plugin_v=\"2.6.52\"  data-prx=\"https:\/\/sitepersojlc.fr\/wp-admin\/admin-ajax.php?action=likebtn_prx\"  data-event_handler=\"likebtn_eh\" ><\/span><!-- LikeBtn.com END --><\/div>","protected":false},"excerpt":{"rendered":"<div class=\"likebtn_container\" style=\"text-align:center;\"><!-- LikeBtn.com BEGIN --><span class=\"likebtn-wrapper\"  data-identifier=\"post_2480\"  data-site_id=\"6663fc396fd08b3d0b514646\"  data-lang=\"fr\"  data-style=\"\"  data-unlike_allowed=\"\"  data-show_copyright=\"\"  data-item_url=\"https:\/\/sitepersojlc.fr\/?p=2480\"  data-item_title=\"Sous d\u00e9veloppement\"  data-item_date=\"2023-01-19T07:40:28+00:00\"  data-engine=\"WordPress\"  data-plugin_v=\"2.6.52\"  data-prx=\"https:\/\/sitepersojlc.fr\/wp-admin\/admin-ajax.php?action=likebtn_prx\"  data-event_handler=\"likebtn_eh\" ><\/span><!-- LikeBtn.com END --><\/div><p>Sous-d\u00e9veloppement, Croissance et Distribution : Structure Institutionnelle du Capitalisme ARTICLE publi\u00e9 dans &lsquo;The Cadmus Journal\u00a0\u00bb le 25 Juin 2021 Auteur : Joanilio Rodolpho Teixeira Professeur \u00e9m\u00e9rite et Chercheur Principal, Universit\u00e9 de Brasilia (UnB); Membre, Acad\u00e9mie Mondiale des Arts et des Sciences Les approches post-Keyn\u00e9siennes et post-Kaleckiennes, en tant que membres de la famille h\u00e9t\u00e9rodoxe, ont [&hellip;]<\/p>\n<div class=\"likebtn_container\" style=\"text-align:center;\"><!-- LikeBtn.com BEGIN --><span class=\"likebtn-wrapper\"  data-identifier=\"post_2480\"  data-site_id=\"6663fc396fd08b3d0b514646\"  data-lang=\"fr\"  data-style=\"\"  data-unlike_allowed=\"\"  data-show_copyright=\"\"  data-item_url=\"https:\/\/sitepersojlc.fr\/?p=2480\"  data-item_title=\"Sous d\u00e9veloppement\"  data-item_date=\"2023-01-19T07:40:28+00:00\"  data-engine=\"WordPress\"  data-plugin_v=\"2.6.52\"  data-prx=\"https:\/\/sitepersojlc.fr\/wp-admin\/admin-ajax.php?action=likebtn_prx\"  data-event_handler=\"likebtn_eh\" ><\/span><!-- LikeBtn.com END --><\/div>","protected":false},"author":1,"featured_media":0,"comment_status":"open","ping_status":"open","sticky":false,"template":"","format":"standard","meta":{"om_disable_all_campaigns":false,"_uag_custom_page_level_css":"","_monsterinsights_skip_tracking":false,"_monsterinsights_sitenote_active":false,"_monsterinsights_sitenote_note":"","_monsterinsights_sitenote_category":0,"_uf_show_specific_survey":0,"_uf_disable_surveys":false,"footnotes":""},"categories":[17],"tags":[],"aioseo_notices":[],"uagb_featured_image_src":{"full":false,"thumbnail":false,"medium":false,"medium_large":false,"large":false,"1536x1536":false,"2048x2048":false},"uagb_author_info":{"display_name":"lechev.1910@gmail.com","author_link":"https:\/\/sitepersojlc.fr\/?author=1"},"uagb_comment_info":0,"uagb_excerpt":"Sous-d\u00e9veloppement, Croissance et Distribution : Structure Institutionnelle du Capitalisme ARTICLE publi\u00e9 dans &lsquo;The Cadmus Journal\u00a0\u00bb le 25 Juin 2021 Auteur : Joanilio Rodolpho Teixeira Professeur \u00e9m\u00e9rite et Chercheur Principal, Universit\u00e9 de Brasilia (UnB); Membre, Acad\u00e9mie Mondiale des Arts et des Sciences Les approches post-Keyn\u00e9siennes et post-Kaleckiennes, en tant que membres de la famille h\u00e9t\u00e9rodoxe, ont\u2026","_links":{"self":[{"href":"https:\/\/sitepersojlc.fr\/index.php?rest_route=\/wp\/v2\/posts\/2480"}],"collection":[{"href":"https:\/\/sitepersojlc.fr\/index.php?rest_route=\/wp\/v2\/posts"}],"about":[{"href":"https:\/\/sitepersojlc.fr\/index.php?rest_route=\/wp\/v2\/types\/post"}],"author":[{"embeddable":true,"href":"https:\/\/sitepersojlc.fr\/index.php?rest_route=\/wp\/v2\/users\/1"}],"replies":[{"embeddable":true,"href":"https:\/\/sitepersojlc.fr\/index.php?rest_route=%2Fwp%2Fv2%2Fcomments&post=2480"}],"version-history":[{"count":16,"href":"https:\/\/sitepersojlc.fr\/index.php?rest_route=\/wp\/v2\/posts\/2480\/revisions"}],"predecessor-version":[{"id":2660,"href":"https:\/\/sitepersojlc.fr\/index.php?rest_route=\/wp\/v2\/posts\/2480\/revisions\/2660"}],"wp:attachment":[{"href":"https:\/\/sitepersojlc.fr\/index.php?rest_route=%2Fwp%2Fv2%2Fmedia&parent=2480"}],"wp:term":[{"taxonomy":"category","embeddable":true,"href":"https:\/\/sitepersojlc.fr\/index.php?rest_route=%2Fwp%2Fv2%2Fcategories&post=2480"},{"taxonomy":"post_tag","embeddable":true,"href":"https:\/\/sitepersojlc.fr\/index.php?rest_route=%2Fwp%2Fv2%2Ftags&post=2480"}],"curies":[{"name":"wp","href":"https:\/\/api.w.org\/{rel}","templated":true}]}}